{"id":1951,"date":"2017-12-13T16:53:27","date_gmt":"2017-12-13T15:53:27","guid":{"rendered":"http:\/\/agora.xtec.cat\/ceip-enric-granados\/?p=1951"},"modified":"2017-12-13T16:55:26","modified_gmt":"2017-12-13T15:55:26","slug":"ja-arriba-el-concert-de-nadal","status":"publish","type":"post","link":"https:\/\/agora.xtec.cat\/ceip-enric-granados\/portada\/ja-arriba-el-concert-de-nadal\/","title":{"rendered":"Ja arriba el concert de Nadal!"},"content":{"rendered":"<p>Benvolgudes fam\u00edlies,<\/p>\n<p>Aquest any es celebra el 50\u00e8 aniversari del primer transplantament de cor. Per aix\u00f2 el lema que hem escollit pel Concert \u00e9s \u201cDe tot cor\u201d. Amb aquest gest volem agrair-vos la confian\u00e7a que dipositeu en la nostra escola. Gr\u00e0cies per donar-nos l\u2019oportunitat d\u2019educar als vostres fills. Desitgem que gaudiu molt i que passeu unes bones vacances d\u2019hivern.<\/p>\n<p><strong>\u00a0<\/strong>\u201cL\u2019agra\u00efment \u00e9s la mem\u00f2ria del cor\u201d. Lao Ts\u00e9<\/p>\n<p>Concert de Nadal: De tot cor!. 22 de desembre a les 11 hores. Sala Pepita Casanellas, passeig de la Zona Franca 185-219<\/p>\n<p><a href=\"http:\/\/agora.xtec.cat\/ceip-enric-granados\/wp-content\/uploads\/usu843\/2017\/12\/programa-nadal-2017.pdf\">programa nadal 2017<\/a><\/p>\n","protected":false},"excerpt":{"rendered":"<p>Benvolgudes fam\u00edlies, Aquest any es celebra el 50\u00e8 aniversari del primer transplantament de cor. Per aix\u00f2 el lema que hem escollit pel Concert \u00e9s \u201cDe tot cor\u201d. Amb aquest gest volem agrair-vos la confian\u00e7a que dipositeu en la nostra escola. Gr\u00e0cies per donar-nos l\u2019oportunitat d\u2019educar als vostres fills. Desitgem que gaudiu molt i que passeu [&hellip;]<\/p>\n","protected":false},"author":1,"featured_media":1954,"comment_status":"closed","ping_status":"closed","sticky":false,"template":"","format":"standard","meta":{"_bbp_topic_count":0,"_bbp_reply_count":0,"_bbp_total_topic_count":0,"_bbp_total_reply_count":0,"_bbp_voice_count":0,"_bbp_anonymous_reply_count":0,"_bbp_topic_count_hidden":0,"_bbp_reply_count_hidden":0,"_bbp_forum_subforum_count":0,"site-sidebar-layout":"default","site-content-layout":"","ast-site-content-layout":"","site-content-style":"default","site-sidebar-style":"default","ast-global-header-display":"","ast-banner-title-visibility":"","ast-main-header-display":"","ast-hfb-above-header-display":"","ast-hfb-below-header-display":"","ast-hfb-mobile-header-display":"","site-post-title":"","ast-breadcrumbs-content":"","ast-featured-img":"","footer-sml-layout":"","theme-transparent-header-meta":"","adv-header-id-meta":"","stick-header-meta":"","header-above-stick-meta":"","header-main-stick-meta":"","header-below-stick-meta":"","astra-migrate-meta-layouts":"default","ast-page-background-enabled":"default","ast-page-background-meta":{"desktop":{"background-color":"var(--ast-global-color-4)","background-image":"","background-repeat":"repeat","background-position":"center center","background-size":"auto","background-attachment":"scroll","background-type":"","background-media":"","overlay-type":"","overlay-color":"","overlay-opacity":"","overlay-gradient":""},"tablet":{"background-color":"","background-image":"","background-repeat":"repeat","background-position":"center center","background-size":"auto","background-attachment":"scroll","background-type":"","background-media":"","overlay-type":"","overlay-color":"","overlay-opacity":"","overlay-gradient":""},"mobile":{"background-color":"","background-image":"","background-repeat":"repeat","background-position":"center center","background-size":"auto","background-attachment":"scroll","background-type":"","background-media":"","overlay-type":"","overlay-color":"","overlay-opacity":"","overlay-gradient":""}},"ast-content-background-meta":{"desktop":{"background-color":"var(--ast-global-color-5)","background-image":"","background-repeat":"repeat","background-position":"center center","background-size":"auto","background-attachment":"scroll","background-type":"","background-media":"","overlay-type":"","overlay-color":"","overlay-opacity":"","overlay-gradient":""},"tablet":{"background-color":"var(--ast-global-color-5)","background-image":"","background-repeat":"repeat","background-position":"center center","background-size":"auto","background-attachment":"scroll","background-type":"","background-media":"","overlay-type":"","overlay-color":"","overlay-opacity":"","overlay-gradient":""},"mobile":{"background-color":"var(--ast-global-color-5)","background-image":"","background-repeat":"repeat","background-position":"center center","background-size":"auto","background-attachment":"scroll","background-type":"","background-media":"","overlay-type":"","overlay-color":"","overlay-opacity":"","overlay-gradient":""}},"footnotes":""},"categories":[42,4,136],"tags":[102,152,66],"class_list":["post-1951","post","type-post","status-publish","format-standard","has-post-thumbnail","hentry","category-concert-de-nadal","category-portada","category-rebost-fotos-2017-2018","tag-comunitat-educativa","tag-concert-de-nadal","tag-musica"],"post_mailing_queue_ids":[],"_links":{"self":[{"href":"https:\/\/agora.xtec.cat\/ceip-enric-granados\/wp-json\/wp\/v2\/posts\/1951","targetHints":{"allow":["GET"]}}],"collection":[{"href":"https:\/\/agora.xtec.cat\/ceip-enric-granados\/wp-json\/wp\/v2\/posts"}],"about":[{"href":"https:\/\/agora.xtec.cat\/ceip-enric-granados\/wp-json\/wp\/v2\/types\/post"}],"author":[{"embeddable":true,"href":"https:\/\/agora.xtec.cat\/ceip-enric-granados\/wp-json\/wp\/v2\/users\/1"}],"replies":[{"embeddable":true,"href":"https:\/\/agora.xtec.cat\/ceip-enric-granados\/wp-json\/wp\/v2\/comments?post=1951"}],"version-history":[{"count":2,"href":"https:\/\/agora.xtec.cat\/ceip-enric-granados\/wp-json\/wp\/v2\/posts\/1951\/revisions"}],"predecessor-version":[{"id":1955,"href":"https:\/\/agora.xtec.cat\/ceip-enric-granados\/wp-json\/wp\/v2\/posts\/1951\/revisions\/1955"}],"wp:featuredmedia":[{"embeddable":true,"href":"https:\/\/agora.xtec.cat\/ceip-enric-granados\/wp-json\/wp\/v2\/media\/1954"}],"wp:attachment":[{"href":"https:\/\/agora.xtec.cat\/ceip-enric-granados\/wp-json\/wp\/v2\/media?parent=1951"}],"wp:term":[{"taxonomy":"category","embeddable":true,"href":"https:\/\/agora.xtec.cat\/ceip-enric-granados\/wp-json\/wp\/v2\/categories?post=1951"},{"taxonomy":"post_tag","embeddable":true,"href":"https:\/\/agora.xtec.cat\/ceip-enric-granados\/wp-json\/wp\/v2\/tags?post=1951"}],"curies":[{"name":"wp","href":"https:\/\/api.w.org\/{rel}","templated":true}]}}