{"id":1748,"date":"2017-06-10T11:02:13","date_gmt":"2017-06-10T09:02:13","guid":{"rendered":"http:\/\/agora.xtec.cat\/ceip-enric-granados\/?p=1748"},"modified":"2017-06-10T11:07:33","modified_gmt":"2017-06-10T09:07:33","slug":"fem-teatre-a-quart-lamiga-imaginaria","status":"publish","type":"post","link":"https:\/\/agora.xtec.cat\/ceip-enric-granados\/portada\/fem-teatre-a-quart-lamiga-imaginaria\/","title":{"rendered":"Fem teatre a quart: L&#8217;amiga imagin\u00e0ria."},"content":{"rendered":"<p>El passat dimarts 30 de maig de 2017, a les 15:30 h., varem estrenar l&#8217;obra de teatre de 4t. &#8220;L&#8217;amiga imagin\u00e0ria&#8221;. Ens podeu seguir veient el nostre v\u00eddeo.<\/p>\n<p><iframe loading=\"lazy\" src=\"\/\/www.youtube.com\/embed\/6zuNZPCw2eY\" width=\"560\" height=\"315\" frameborder=\"0\" allowfullscreen=\"allowfullscreen\"><\/iframe><\/p>\n<p><strong>Sinopsi:<\/strong> \u00e9s un conte, el conte de la Rosana; una noia nova que arriba a l&#8217;escola i \u00e9s rebutjada pels companys i companyes de classe. La Rosana buscar\u00e0 refugi en una amiga imaginaria per v\u00e8ncer la soledat que li provoca ser marginada. L&#8217;obra \u00a0sorgeix d&#8217;una hist\u00f2ria inventada \u00a0pels propis alumnes de quart, essent un espectacle que subratlla la import\u00e0ncia i el dret que tenim totes les persones de ser acceptades i \u00a0respectades.<\/p>\n<table style=\"width: 898px;\" width=\"739\">\n<tbody>\n<tr>\n<td style=\"width: 84px;\" width=\"76\"><strong>Direcci\u00f3<\/strong><\/td>\n<td style=\"width: 806px;\" width=\"655\">Yago Morera<\/td>\n<\/tr>\n<tr>\n<td style=\"width: 84px;\" width=\"76\"><strong>Actors <\/strong><\/td>\n<td style=\"width: 806px;\" width=\"655\">Maria Paula Aguayo, Iman Ali, Enrique Banegas, Andrey Batista, Santiago Duarte, Juan Duque, Tony Duran, Juana Fern\u00e1ndez, Martin Fern\u00e1ndez, Ariadna Figueroa, Racel Garc\u00eda, Julia Gega, Soraya Haidour, Leen Jiang, Pau Katib, Amadeo Montero, Mauricio Pastran, Alex Rizzetto, Alvaro Rubio, Emilia Vargas, Vivien Ylagan.<\/td>\n<\/tr>\n<tr>\n<td style=\"width: 84px;\" width=\"76\"><strong>Vestuari i atrezzo<\/strong><\/td>\n<td style=\"width: 806px;\" width=\"655\">Alumnes de Quart<\/td>\n<\/tr>\n<\/tbody>\n<\/table>\n<p>&nbsp;<\/p>\n","protected":false},"excerpt":{"rendered":"<p>El passat dimarts 30 de maig de 2017, a les 15:30 h., varem estrenar les obres de teatre de 4t. &#8220;L&#8217;amiga imagin\u00e0ria&#8221;. Ens podeu seguir veient el nostre v\u00eddeo.<\/p>\n","protected":false},"author":1,"featured_media":1476,"comment_status":"closed","ping_status":"closed","sticky":false,"template":"","format":"standard","meta":{"_bbp_topic_count":0,"_bbp_reply_count":0,"_bbp_total_topic_count":0,"_bbp_total_reply_count":0,"_bbp_voice_count":0,"_bbp_anonymous_reply_count":0,"_bbp_topic_count_hidden":0,"_bbp_reply_count_hidden":0,"_bbp_forum_subforum_count":0,"site-sidebar-layout":"default","site-content-layout":"","ast-site-content-layout":"","site-content-style":"default","site-sidebar-style":"default","ast-global-header-display":"","ast-banner-title-visibility":"","ast-main-header-display":"","ast-hfb-above-header-display":"","ast-hfb-below-header-display":"","ast-hfb-mobile-header-display":"","site-post-title":"","ast-breadcrumbs-content":"","ast-featured-img":"","footer-sml-layout":"","theme-transparent-header-meta":"","adv-header-id-meta":"","stick-header-meta":"","header-above-stick-meta":"","header-main-stick-meta":"","header-below-stick-meta":"","astra-migrate-meta-layouts":"default","ast-page-background-enabled":"default","ast-page-background-meta":{"desktop":{"background-color":"var(--ast-global-color-4)","background-image":"","background-repeat":"repeat","background-position":"center center","background-size":"auto","background-attachment":"scroll","background-type":"","background-media":"","overlay-type":"","overlay-color":"","overlay-opacity":"","overlay-gradient":""},"tablet":{"background-color":"","background-image":"","background-repeat":"repeat","background-position":"center center","background-size":"auto","background-attachment":"scroll","background-type":"","background-media":"","overlay-type":"","overlay-color":"","overlay-opacity":"","overlay-gradient":""},"mobile":{"background-color":"","background-image":"","background-repeat":"repeat","background-position":"center center","background-size":"auto","background-attachment":"scroll","background-type":"","background-media":"","overlay-type":"","overlay-color":"","overlay-opacity":"","overlay-gradient":""}},"ast-content-background-meta":{"desktop":{"background-color":"var(--ast-global-color-5)","background-image":"","background-repeat":"repeat","background-position":"center center","background-size":"auto","background-attachment":"scroll","background-type":"","background-media":"","overlay-type":"","overlay-color":"","overlay-opacity":"","overlay-gradient":""},"tablet":{"background-color":"var(--ast-global-color-5)","background-image":"","background-repeat":"repeat","background-position":"center center","background-size":"auto","background-attachment":"scroll","background-type":"","background-media":"","overlay-type":"","overlay-color":"","overlay-opacity":"","overlay-gradient":""},"mobile":{"background-color":"var(--ast-global-color-5)","background-image":"","background-repeat":"repeat","background-position":"center center","background-size":"auto","background-attachment":"scroll","background-type":"","background-media":"","overlay-type":"","overlay-color":"","overlay-opacity":"","overlay-gradient":""}},"footnotes":""},"categories":[35,4,5,135,45],"tags":[63],"class_list":["post-1748","post","type-post","status-publish","format-standard","has-post-thumbnail","hentry","category-cicle-mitja","category-portada","category-primaria","category-rebost-fotos-2016-2017","category-teatre","tag-teatre"],"post_mailing_queue_ids":[],"_links":{"self":[{"href":"https:\/\/agora.xtec.cat\/ceip-enric-granados\/wp-json\/wp\/v2\/posts\/1748","targetHints":{"allow":["GET"]}}],"collection":[{"href":"https:\/\/agora.xtec.cat\/ceip-enric-granados\/wp-json\/wp\/v2\/posts"}],"about":[{"href":"https:\/\/agora.xtec.cat\/ceip-enric-granados\/wp-json\/wp\/v2\/types\/post"}],"author":[{"embeddable":true,"href":"https:\/\/agora.xtec.cat\/ceip-enric-granados\/wp-json\/wp\/v2\/users\/1"}],"replies":[{"embeddable":true,"href":"https:\/\/agora.xtec.cat\/ceip-enric-granados\/wp-json\/wp\/v2\/comments?post=1748"}],"version-history":[{"count":2,"href":"https:\/\/agora.xtec.cat\/ceip-enric-granados\/wp-json\/wp\/v2\/posts\/1748\/revisions"}],"predecessor-version":[{"id":1752,"href":"https:\/\/agora.xtec.cat\/ceip-enric-granados\/wp-json\/wp\/v2\/posts\/1748\/revisions\/1752"}],"wp:featuredmedia":[{"embeddable":true,"href":"https:\/\/agora.xtec.cat\/ceip-enric-granados\/wp-json\/wp\/v2\/media\/1476"}],"wp:attachment":[{"href":"https:\/\/agora.xtec.cat\/ceip-enric-granados\/wp-json\/wp\/v2\/media?parent=1748"}],"wp:term":[{"taxonomy":"category","embeddable":true,"href":"https:\/\/agora.xtec.cat\/ceip-enric-granados\/wp-json\/wp\/v2\/categories?post=1748"},{"taxonomy":"post_tag","embeddable":true,"href":"https:\/\/agora.xtec.cat\/ceip-enric-granados\/wp-json\/wp\/v2\/tags?post=1748"}],"curies":[{"name":"wp","href":"https:\/\/api.w.org\/{rel}","templated":true}]}}