{"id":1477,"date":"2017-05-22T15:26:32","date_gmt":"2017-05-22T13:26:32","guid":{"rendered":"http:\/\/agora.xtec.cat\/ceip-enric-granados\/?p=1477"},"modified":"2017-06-08T11:44:56","modified_gmt":"2017-06-08T09:44:56","slug":"fem-teatre-a-lescola","status":"publish","type":"post","link":"https:\/\/agora.xtec.cat\/ceip-enric-granados\/portada\/fem-teatre-a-lescola\/","title":{"rendered":"Fem teatre a l&#8217;escola: alumnes de 4t. i de 6\u00e8."},"content":{"rendered":"<p>El proper dimarts 30 de maig de 2017, a les 15:30 h., es realitzar\u00e0 l&#8217;estrena mundial de les obres de teatre de 4t. &#8220;L&#8217;amiga imagin\u00e0ria&#8221; i de 6\u00e8. &#8220;La meva fam\u00edlia&#8221;.<\/p>\n<p><a href=\"http:\/\/agora.xtec.cat\/ceip-enric-granados\/wp-content\/uploads\/usu843\/2017\/05\/grup-cinque.jpg\"><img loading=\"lazy\" decoding=\"async\" class=\"alignnone wp-image-1476\" src=\"http:\/\/agora.xtec.cat\/ceip-enric-granados\/wp-content\/uploads\/usu843\/2017\/05\/grup-cinque-1024x575.jpg\" alt=\"grup-cinque\" width=\"324\" height=\"182\" srcset=\"https:\/\/agora.xtec.cat\/ceip-enric-granados\/wp-content\/uploads\/usu843\/2017\/05\/grup-cinque-1024x575.jpg 1024w, https:\/\/agora.xtec.cat\/ceip-enric-granados\/wp-content\/uploads\/usu843\/2017\/05\/grup-cinque-300x168.jpg 300w, https:\/\/agora.xtec.cat\/ceip-enric-granados\/wp-content\/uploads\/usu843\/2017\/05\/grup-cinque-768x431.jpg 768w, https:\/\/agora.xtec.cat\/ceip-enric-granados\/wp-content\/uploads\/usu843\/2017\/05\/grup-cinque.jpg 1600w\" sizes=\"auto, (max-width: 324px) 100vw, 324px\" \/><\/a><a href=\"http:\/\/agora.xtec.cat\/ceip-enric-granados\/wp-content\/uploads\/usu843\/2017\/05\/grup-sise.jpg\"><img loading=\"lazy\" decoding=\"async\" class=\"alignnone wp-image-1475\" src=\"http:\/\/agora.xtec.cat\/ceip-enric-granados\/wp-content\/uploads\/usu843\/2017\/05\/grup-sise-1024x768.jpg\" alt=\"grup-sise\" width=\"243\" height=\"183\" srcset=\"https:\/\/agora.xtec.cat\/ceip-enric-granados\/wp-content\/uploads\/usu843\/2017\/05\/grup-sise-1024x768.jpg 1024w, https:\/\/agora.xtec.cat\/ceip-enric-granados\/wp-content\/uploads\/usu843\/2017\/05\/grup-sise-300x225.jpg 300w, https:\/\/agora.xtec.cat\/ceip-enric-granados\/wp-content\/uploads\/usu843\/2017\/05\/grup-sise-768x576.jpg 768w, https:\/\/agora.xtec.cat\/ceip-enric-granados\/wp-content\/uploads\/usu843\/2017\/05\/grup-sise-200x150.jpg 200w, https:\/\/agora.xtec.cat\/ceip-enric-granados\/wp-content\/uploads\/usu843\/2017\/05\/grup-sise.jpg 1152w\" sizes=\"auto, (max-width: 243px) 100vw, 243px\" \/><\/a><\/p>\n<p><strong>Teatre de Quart<\/strong><\/p>\n<p><strong>T\u00edtol: \u201cL\u2019amiga imagin\u00e0ria\u201d<\/strong><\/p>\n<p><strong>Sinopsi:<\/strong> \u00e9s un conte, el conte de la Rosana; una noia nova que arriba a l&#8217;escola i \u00e9s rebutjada pels companys i companyes de classe. La Rosana buscar\u00e0 refugi en una amiga imaginaria per v\u00e8ncer la soledat que li provoca ser marginada. L&#8217;obra \u00a0sorgeix d&#8217;una hist\u00f2ria inventada \u00a0pels propis alumnes de quart, essent un espectacle que subratlla la import\u00e0ncia i el dret que tenim totes les persones de ser acceptades i \u00a0respectades.<\/p>\n<table style=\"width: 898px;\">\n<tbody>\n<tr>\n<td style=\"width: 84px;\"><strong>Direcci\u00f3<\/strong><\/td>\n<td style=\"width: 806px;\">Yago Morera<\/td>\n<\/tr>\n<tr>\n<td style=\"width: 84px;\"><strong>Actors <\/strong><\/td>\n<td style=\"width: 806px;\">Maria Paula Aguayo, Iman Ali, Enrique Banegas, Andrey Batista, Santiago Duarte, Juan Duque, Tony Duran, Juana Fern\u00e1ndez, Martin Fern\u00e1ndez, Ariadna Figueroa, Racel Garc\u00eda, Julia Gega, Soraya Haidour, Leen Jiang, Pau Katib, Amadeo Montero, Mauricio Pastran, Alex Rizzetto, Alvaro Rubio, Emilia Vargas, Vivien Ylagan.<\/td>\n<\/tr>\n<tr>\n<td style=\"width: 84px;\"><strong>Vestuari i atrezzo<\/strong><\/td>\n<td style=\"width: 806px;\">Alumnes de Quart<\/td>\n<\/tr>\n<\/tbody>\n<\/table>\n<p><strong>Teatre de Sis\u00e8<\/strong><\/p>\n<p><strong>T\u00edtol de l\u2019obra: \u201cLa meva fam\u00edlia\u201d<\/strong><\/p>\n<p><strong>Sinopsi: <\/strong>\u00e9s un espectacle de creaci\u00f3 col\u00b7lectiva que neix dels mon\u00f2legs escrits i interpretats pels i les alumnes de sis\u00e8 envers les coses que els hi agraden i \u00a0les que millorarien de les seves fam\u00edlies.\u00a0 Una obra c\u00f2mica i tendra que pret\u00e9n emfatitzar la diversitat, el valor i l&#8217;estima cap un pilar tan fonamental del nostre desenvolupament com \u00e9s la fam\u00edlia.<\/p>\n<table style=\"width: 890px;\">\n<tbody>\n<tr style=\"height: 31px;\">\n<td style=\"width: 87px; height: 31px;\"><strong>Direcci\u00f3<\/strong><\/td>\n<td style=\"width: 795px; height: 31px;\">Yago Morera<\/td>\n<\/tr>\n<tr style=\"height: 16px;\">\n<td style=\"width: 87px; height: 16px;\"><strong>Actors <\/strong><\/td>\n<td style=\"width: 795px; height: 16px;\">Joan Antonio Angustia, Aleena ARfan, Pol Asante, Alex Avil\u00e9s, Karla Banegas, Michelle Bolea, Dina Bourkhis, Francisco Campos, FAris Chaouine, Chandra Escalante, Adam Haidour, Adnane Khalifa, Melanie Peralta, Csarvin Pregillana, Andy Vasquez.<\/td>\n<\/tr>\n<tr style=\"height: 46px;\">\n<td style=\"width: 87px; height: 46px;\"><strong>Vestuari i atrezzo<\/strong><\/td>\n<td style=\"width: 795px; height: 46px;\">Alumnes de Sis\u00e8<\/td>\n<\/tr>\n<\/tbody>\n<\/table>\n<p>&nbsp;<\/p>\n","protected":false},"excerpt":{"rendered":"<p>El proper dimarts 30 de maig de 2017, a les 15:30 h., es realitzar\u00e0 l&#8217;estrena mundial de les obres de teatre de 4t &#8220;L&#8217;amiga imagin\u00e0ria&#8221; i de 6\u00e8. &#8220;La meva fam\u00edlia&#8221;<\/p>\n","protected":false},"author":1,"featured_media":478,"comment_status":"open","ping_status":"closed","sticky":false,"template":"","format":"standard","meta":{"_bbp_topic_count":0,"_bbp_reply_count":0,"_bbp_total_topic_count":0,"_bbp_total_reply_count":0,"_bbp_voice_count":0,"_bbp_anonymous_reply_count":0,"_bbp_topic_count_hidden":0,"_bbp_reply_count_hidden":0,"_bbp_forum_subforum_count":0,"site-sidebar-layout":"default","site-content-layout":"","ast-site-content-layout":"","site-content-style":"default","site-sidebar-style":"default","ast-global-header-display":"","ast-banner-title-visibility":"","ast-main-header-display":"","ast-hfb-above-header-display":"","ast-hfb-below-header-display":"","ast-hfb-mobile-header-display":"","site-post-title":"","ast-breadcrumbs-content":"","ast-featured-img":"","footer-sml-layout":"","theme-transparent-header-meta":"","adv-header-id-meta":"","stick-header-meta":"","header-above-stick-meta":"","header-main-stick-meta":"","header-below-stick-meta":"","astra-migrate-meta-layouts":"default","ast-page-background-enabled":"default","ast-page-background-meta":{"desktop":{"background-color":"var(--ast-global-color-4)","background-image":"","background-repeat":"repeat","background-position":"center center","background-size":"auto","background-attachment":"scroll","background-type":"","background-media":"","overlay-type":"","overlay-color":"","overlay-opacity":"","overlay-gradient":""},"tablet":{"background-color":"","background-image":"","background-repeat":"repeat","background-position":"center center","background-size":"auto","background-attachment":"scroll","background-type":"","background-media":"","overlay-type":"","overlay-color":"","overlay-opacity":"","overlay-gradient":""},"mobile":{"background-color":"","background-image":"","background-repeat":"repeat","background-position":"center center","background-size":"auto","background-attachment":"scroll","background-type":"","background-media":"","overlay-type":"","overlay-color":"","overlay-opacity":"","overlay-gradient":""}},"ast-content-background-meta":{"desktop":{"background-color":"var(--ast-global-color-5)","background-image":"","background-repeat":"repeat","background-position":"center center","background-size":"auto","background-attachment":"scroll","background-type":"","background-media":"","overlay-type":"","overlay-color":"","overlay-opacity":"","overlay-gradient":""},"tablet":{"background-color":"var(--ast-global-color-5)","background-image":"","background-repeat":"repeat","background-position":"center center","background-size":"auto","background-attachment":"scroll","background-type":"","background-media":"","overlay-type":"","overlay-color":"","overlay-opacity":"","overlay-gradient":""},"mobile":{"background-color":"var(--ast-global-color-5)","background-image":"","background-repeat":"repeat","background-position":"center center","background-size":"auto","background-attachment":"scroll","background-type":"","background-media":"","overlay-type":"","overlay-color":"","overlay-opacity":"","overlay-gradient":""}},"footnotes":""},"categories":[36,4,5,45],"tags":[27,64,63],"class_list":["post-1477","post","type-post","status-publish","format-standard","has-post-thumbnail","hentry","category-cicle-superior","category-portada","category-primaria","category-teatre","tag-activitats","tag-expressio-oral","tag-teatre"],"post_mailing_queue_ids":[],"_links":{"self":[{"href":"https:\/\/agora.xtec.cat\/ceip-enric-granados\/wp-json\/wp\/v2\/posts\/1477","targetHints":{"allow":["GET"]}}],"collection":[{"href":"https:\/\/agora.xtec.cat\/ceip-enric-granados\/wp-json\/wp\/v2\/posts"}],"about":[{"href":"https:\/\/agora.xtec.cat\/ceip-enric-granados\/wp-json\/wp\/v2\/types\/post"}],"author":[{"embeddable":true,"href":"https:\/\/agora.xtec.cat\/ceip-enric-granados\/wp-json\/wp\/v2\/users\/1"}],"replies":[{"embeddable":true,"href":"https:\/\/agora.xtec.cat\/ceip-enric-granados\/wp-json\/wp\/v2\/comments?post=1477"}],"version-history":[{"count":3,"href":"https:\/\/agora.xtec.cat\/ceip-enric-granados\/wp-json\/wp\/v2\/posts\/1477\/revisions"}],"predecessor-version":[{"id":1738,"href":"https:\/\/agora.xtec.cat\/ceip-enric-granados\/wp-json\/wp\/v2\/posts\/1477\/revisions\/1738"}],"wp:featuredmedia":[{"embeddable":true,"href":"https:\/\/agora.xtec.cat\/ceip-enric-granados\/wp-json\/wp\/v2\/media\/478"}],"wp:attachment":[{"href":"https:\/\/agora.xtec.cat\/ceip-enric-granados\/wp-json\/wp\/v2\/media?parent=1477"}],"wp:term":[{"taxonomy":"category","embeddable":true,"href":"https:\/\/agora.xtec.cat\/ceip-enric-granados\/wp-json\/wp\/v2\/categories?post=1477"},{"taxonomy":"post_tag","embeddable":true,"href":"https:\/\/agora.xtec.cat\/ceip-enric-granados\/wp-json\/wp\/v2\/tags?post=1477"}],"curies":[{"name":"wp","href":"https:\/\/api.w.org\/{rel}","templated":true}]}}