{"id":1409,"date":"2017-04-24T16:05:28","date_gmt":"2017-04-24T14:05:28","guid":{"rendered":"http:\/\/agora.xtec.cat\/ceip-enric-granados\/?p=1409"},"modified":"2017-06-08T11:51:25","modified_gmt":"2017-06-08T09:51:25","slug":"colonies-a-la-ruca-2017","status":"publish","type":"post","link":"https:\/\/agora.xtec.cat\/ceip-enric-granados\/portada\/colonies-a-la-ruca-2017\/","title":{"rendered":"Col\u00f2nies a la Ruca. 2017"},"content":{"rendered":"<p>Els dies 20 i 21 v\u00e0rem anar de col\u00f2nies a la casa <a href=\"https:\/\/www.peretarres.org\/wps\/wcm\/connect\/peretarres_ca\/peretarres\/webs\/allotjaments\/home\/cercador\/catalunya\/veure_detall_allotjament?Idi=es&amp;CodiInst=3\" target=\"_blank\">&#8220;La Ruca&#8221;<\/a>, ubicada al municipi d&#8217;Aviny\u00f3. Ens va agradar molt\u00edssim. Les activitats, descoberta de la natura, orientaci\u00f3 al bosc, dormir amb les companyes i companys, compartir moments i emocions. <a href=\"https:\/\/goo.gl\/photos\/5sNQ2ypXBJCyDGB26\" target=\"_blank\">Aqu\u00ed teniu un \u00e0lbum de fotografies <\/a>per si voleu compartir amb nosaltres aquests moments.<\/p>\n<p><a href=\"http:\/\/agora.xtec.cat\/ceip-enric-granados\/wp-content\/uploads\/usu843\/2017\/04\/COLONIES-LARUCA-2017.jpg\"><img loading=\"lazy\" decoding=\"async\" class=\"alignnone wp-image-1407\" src=\"http:\/\/agora.xtec.cat\/ceip-enric-granados\/wp-content\/uploads\/usu843\/2017\/04\/COLONIES-LARUCA-2017-1024x768.jpg\" alt=\"COLONIES-LARUCA-2017\" width=\"464\" height=\"348\" srcset=\"https:\/\/agora.xtec.cat\/ceip-enric-granados\/wp-content\/uploads\/usu843\/2017\/04\/COLONIES-LARUCA-2017-1024x768.jpg 1024w, https:\/\/agora.xtec.cat\/ceip-enric-granados\/wp-content\/uploads\/usu843\/2017\/04\/COLONIES-LARUCA-2017-300x225.jpg 300w, https:\/\/agora.xtec.cat\/ceip-enric-granados\/wp-content\/uploads\/usu843\/2017\/04\/COLONIES-LARUCA-2017-768x576.jpg 768w, https:\/\/agora.xtec.cat\/ceip-enric-granados\/wp-content\/uploads\/usu843\/2017\/04\/COLONIES-LARUCA-2017-200x150.jpg 200w, https:\/\/agora.xtec.cat\/ceip-enric-granados\/wp-content\/uploads\/usu843\/2017\/04\/COLONIES-LARUCA-2017.jpg 1288w\" sizes=\"auto, (max-width: 464px) 100vw, 464px\" \/><\/a><\/p>\n","protected":false},"excerpt":{"rendered":"<p>Els dies 20 i 21 v\u00e0rem anar de col\u00f2nies a la casa &#8220;La Ruca&#8221;, ubicada al municipi d&#8217;Aviny\u00f3. Ens va agradar molt\u00edssim. Les activitats, descoberta de la natura, orientaci\u00f3 al bosc, dormir amb les companyes i companys, compartir moments i emocions. Aqu\u00ed teniu un \u00e0lbum de fotografies per si voleu compartir amb nosaltres aquests moments.<\/p>\n","protected":false},"author":1,"featured_media":1407,"comment_status":"open","ping_status":"closed","sticky":false,"template":"","format":"standard","meta":{"_bbp_topic_count":0,"_bbp_reply_count":0,"_bbp_total_topic_count":0,"_bbp_total_reply_count":0,"_bbp_voice_count":0,"_bbp_anonymous_reply_count":0,"_bbp_topic_count_hidden":0,"_bbp_reply_count_hidden":0,"_bbp_forum_subforum_count":0,"site-sidebar-layout":"default","site-content-layout":"","ast-site-content-layout":"","site-content-style":"default","site-sidebar-style":"default","ast-global-header-display":"","ast-banner-title-visibility":"","ast-main-header-display":"","ast-hfb-above-header-display":"","ast-hfb-below-header-display":"","ast-hfb-mobile-header-display":"","site-post-title":"","ast-breadcrumbs-content":"","ast-featured-img":"","footer-sml-layout":"","theme-transparent-header-meta":"","adv-header-id-meta":"","stick-header-meta":"","header-above-stick-meta":"","header-main-stick-meta":"","header-below-stick-meta":"","astra-migrate-meta-layouts":"default","ast-page-background-enabled":"default","ast-page-background-meta":{"desktop":{"background-color":"var(--ast-global-color-4)","background-image":"","background-repeat":"repeat","background-position":"center center","background-size":"auto","background-attachment":"scroll","background-type":"","background-media":"","overlay-type":"","overlay-color":"","overlay-opacity":"","overlay-gradient":""},"tablet":{"background-color":"","background-image":"","background-repeat":"repeat","background-position":"center center","background-size":"auto","background-attachment":"scroll","background-type":"","background-media":"","overlay-type":"","overlay-color":"","overlay-opacity":"","overlay-gradient":""},"mobile":{"background-color":"","background-image":"","background-repeat":"repeat","background-position":"center center","background-size":"auto","background-attachment":"scroll","background-type":"","background-media":"","overlay-type":"","overlay-color":"","overlay-opacity":"","overlay-gradient":""}},"ast-content-background-meta":{"desktop":{"background-color":"var(--ast-global-color-5)","background-image":"","background-repeat":"repeat","background-position":"center center","background-size":"auto","background-attachment":"scroll","background-type":"","background-media":"","overlay-type":"","overlay-color":"","overlay-opacity":"","overlay-gradient":""},"tablet":{"background-color":"var(--ast-global-color-5)","background-image":"","background-repeat":"repeat","background-position":"center center","background-size":"auto","background-attachment":"scroll","background-type":"","background-media":"","overlay-type":"","overlay-color":"","overlay-opacity":"","overlay-gradient":""},"mobile":{"background-color":"var(--ast-global-color-5)","background-image":"","background-repeat":"repeat","background-position":"center center","background-size":"auto","background-attachment":"scroll","background-type":"","background-media":"","overlay-type":"","overlay-color":"","overlay-opacity":"","overlay-gradient":""}},"footnotes":""},"categories":[47,4,135],"tags":[27,49],"class_list":["post-1409","post","type-post","status-publish","format-standard","has-post-thumbnail","hentry","category-colonies","category-portada","category-rebost-fotos-2016-2017","tag-activitats","tag-colonies"],"post_mailing_queue_ids":[],"_links":{"self":[{"href":"https:\/\/agora.xtec.cat\/ceip-enric-granados\/wp-json\/wp\/v2\/posts\/1409","targetHints":{"allow":["GET"]}}],"collection":[{"href":"https:\/\/agora.xtec.cat\/ceip-enric-granados\/wp-json\/wp\/v2\/posts"}],"about":[{"href":"https:\/\/agora.xtec.cat\/ceip-enric-granados\/wp-json\/wp\/v2\/types\/post"}],"author":[{"embeddable":true,"href":"https:\/\/agora.xtec.cat\/ceip-enric-granados\/wp-json\/wp\/v2\/users\/1"}],"replies":[{"embeddable":true,"href":"https:\/\/agora.xtec.cat\/ceip-enric-granados\/wp-json\/wp\/v2\/comments?post=1409"}],"version-history":[{"count":1,"href":"https:\/\/agora.xtec.cat\/ceip-enric-granados\/wp-json\/wp\/v2\/posts\/1409\/revisions"}],"predecessor-version":[{"id":1410,"href":"https:\/\/agora.xtec.cat\/ceip-enric-granados\/wp-json\/wp\/v2\/posts\/1409\/revisions\/1410"}],"wp:featuredmedia":[{"embeddable":true,"href":"https:\/\/agora.xtec.cat\/ceip-enric-granados\/wp-json\/wp\/v2\/media\/1407"}],"wp:attachment":[{"href":"https:\/\/agora.xtec.cat\/ceip-enric-granados\/wp-json\/wp\/v2\/media?parent=1409"}],"wp:term":[{"taxonomy":"category","embeddable":true,"href":"https:\/\/agora.xtec.cat\/ceip-enric-granados\/wp-json\/wp\/v2\/categories?post=1409"},{"taxonomy":"post_tag","embeddable":true,"href":"https:\/\/agora.xtec.cat\/ceip-enric-granados\/wp-json\/wp\/v2\/tags?post=1409"}],"curies":[{"name":"wp","href":"https:\/\/api.w.org\/{rel}","templated":true}]}}