{"id":1395,"date":"2017-04-19T19:58:33","date_gmt":"2017-04-19T17:58:33","guid":{"rendered":"http:\/\/agora.xtec.cat\/ceip-enric-granados\/?p=1395"},"modified":"2017-06-08T11:56:58","modified_gmt":"2017-06-08T09:56:58","slug":"padrins-i-fillols-gaudeixen-de-debo","status":"publish","type":"post","link":"https:\/\/agora.xtec.cat\/ceip-enric-granados\/parvulari\/padrins-i-fillols-gaudeixen-de-debo\/","title":{"rendered":"Padrins i fillols gaudeixen de deb\u00f2!"},"content":{"rendered":"<p style=\"text-align: left;\"><a href=\"https:\/\/goo.gl\/photos\/yfm3trJPmHGf9Kw47\" target=\"_blank\"><img loading=\"lazy\" decoding=\"async\" class=\"wp-image-1397 aligncenter\" src=\"http:\/\/agora.xtec.cat\/ceip-enric-granados\/wp-content\/uploads\/usu843\/2017\/04\/padrins-fillols-1024x576.jpg\" alt=\"padrins-fillols\" width=\"469\" height=\"264\" srcset=\"https:\/\/agora.xtec.cat\/ceip-enric-granados\/wp-content\/uploads\/usu843\/2017\/04\/padrins-fillols-1024x576.jpg 1024w, https:\/\/agora.xtec.cat\/ceip-enric-granados\/wp-content\/uploads\/usu843\/2017\/04\/padrins-fillols-300x169.jpg 300w, https:\/\/agora.xtec.cat\/ceip-enric-granados\/wp-content\/uploads\/usu843\/2017\/04\/padrins-fillols-768x432.jpg 768w\" sizes=\"auto, (max-width: 469px) 100vw, 469px\" \/><\/a>Com cada curs, des de fa ja uns quants anys, els nens i nenes de segon fem apadrinament dels alumnes de P3. Un cop a la setmana ens veiem, els hi ajudem a fer feines, juguem amb ells, parlem, expliquem contes&#8230; Aqu\u00ed us deixem un reportatge fotogr\u00e0fic dels nostres fillols i del qu\u00e8 fem amb els m\u00e9s petits de la nostra escola. <a href=\"https:\/\/goo.gl\/photos\/yfm3trJPmHGf9Kw47\" target=\"_blank\">Podeu visitar l&#8217;\u00e0lbum de fotografies<\/a>.<\/p>\n","protected":false},"excerpt":{"rendered":"<p>Com cada curs, des de fa ja uns quants anys, els nens i nenes de segon fem apadrinament dels alumnes de P3. Un cop a la setmana ens veiem, els hi ajudem a fer feines, juguem amb ells, parlem, expliquem contes&#8230; Aqu\u00ed us deixem un reportatge fotogr\u00e0fic dels nostres fillols i del qu\u00e8 fem amb [&hellip;]<\/p>\n","protected":false},"author":1,"featured_media":1397,"comment_status":"open","ping_status":"closed","sticky":false,"template":"","format":"standard","meta":{"_bbp_topic_count":0,"_bbp_reply_count":0,"_bbp_total_topic_count":0,"_bbp_total_reply_count":0,"_bbp_voice_count":0,"_bbp_anonymous_reply_count":0,"_bbp_topic_count_hidden":0,"_bbp_reply_count_hidden":0,"_bbp_forum_subforum_count":0,"site-sidebar-layout":"default","site-content-layout":"","ast-site-content-layout":"","site-content-style":"default","site-sidebar-style":"default","ast-global-header-display":"","ast-banner-title-visibility":"","ast-main-header-display":"","ast-hfb-above-header-display":"","ast-hfb-below-header-display":"","ast-hfb-mobile-header-display":"","site-post-title":"","ast-breadcrumbs-content":"","ast-featured-img":"","footer-sml-layout":"","theme-transparent-header-meta":"","adv-header-id-meta":"","stick-header-meta":"","header-above-stick-meta":"","header-main-stick-meta":"","header-below-stick-meta":"","astra-migrate-meta-layouts":"default","ast-page-background-enabled":"default","ast-page-background-meta":{"desktop":{"background-color":"var(--ast-global-color-4)","background-image":"","background-repeat":"repeat","background-position":"center center","background-size":"auto","background-attachment":"scroll","background-type":"","background-media":"","overlay-type":"","overlay-color":"","overlay-opacity":"","overlay-gradient":""},"tablet":{"background-color":"","background-image":"","background-repeat":"repeat","background-position":"center center","background-size":"auto","background-attachment":"scroll","background-type":"","background-media":"","overlay-type":"","overlay-color":"","overlay-opacity":"","overlay-gradient":""},"mobile":{"background-color":"","background-image":"","background-repeat":"repeat","background-position":"center center","background-size":"auto","background-attachment":"scroll","background-type":"","background-media":"","overlay-type":"","overlay-color":"","overlay-opacity":"","overlay-gradient":""}},"ast-content-background-meta":{"desktop":{"background-color":"var(--ast-global-color-5)","background-image":"","background-repeat":"repeat","background-position":"center center","background-size":"auto","background-attachment":"scroll","background-type":"","background-media":"","overlay-type":"","overlay-color":"","overlay-opacity":"","overlay-gradient":""},"tablet":{"background-color":"var(--ast-global-color-5)","background-image":"","background-repeat":"repeat","background-position":"center center","background-size":"auto","background-attachment":"scroll","background-type":"","background-media":"","overlay-type":"","overlay-color":"","overlay-opacity":"","overlay-gradient":""},"mobile":{"background-color":"var(--ast-global-color-5)","background-image":"","background-repeat":"repeat","background-position":"center center","background-size":"auto","background-attachment":"scroll","background-type":"","background-media":"","overlay-type":"","overlay-color":"","overlay-opacity":"","overlay-gradient":""}},"footnotes":""},"categories":[34,2,4,135],"tags":[27,127],"class_list":["post-1395","post","type-post","status-publish","format-standard","has-post-thumbnail","hentry","category-cicle-inicial","category-parvulari","category-portada","category-rebost-fotos-2016-2017","tag-activitats","tag-padrins-i-fillols"],"post_mailing_queue_ids":[],"_links":{"self":[{"href":"https:\/\/agora.xtec.cat\/ceip-enric-granados\/wp-json\/wp\/v2\/posts\/1395","targetHints":{"allow":["GET"]}}],"collection":[{"href":"https:\/\/agora.xtec.cat\/ceip-enric-granados\/wp-json\/wp\/v2\/posts"}],"about":[{"href":"https:\/\/agora.xtec.cat\/ceip-enric-granados\/wp-json\/wp\/v2\/types\/post"}],"author":[{"embeddable":true,"href":"https:\/\/agora.xtec.cat\/ceip-enric-granados\/wp-json\/wp\/v2\/users\/1"}],"replies":[{"embeddable":true,"href":"https:\/\/agora.xtec.cat\/ceip-enric-granados\/wp-json\/wp\/v2\/comments?post=1395"}],"version-history":[{"count":3,"href":"https:\/\/agora.xtec.cat\/ceip-enric-granados\/wp-json\/wp\/v2\/posts\/1395\/revisions"}],"predecessor-version":[{"id":1402,"href":"https:\/\/agora.xtec.cat\/ceip-enric-granados\/wp-json\/wp\/v2\/posts\/1395\/revisions\/1402"}],"wp:featuredmedia":[{"embeddable":true,"href":"https:\/\/agora.xtec.cat\/ceip-enric-granados\/wp-json\/wp\/v2\/media\/1397"}],"wp:attachment":[{"href":"https:\/\/agora.xtec.cat\/ceip-enric-granados\/wp-json\/wp\/v2\/media?parent=1395"}],"wp:term":[{"taxonomy":"category","embeddable":true,"href":"https:\/\/agora.xtec.cat\/ceip-enric-granados\/wp-json\/wp\/v2\/categories?post=1395"},{"taxonomy":"post_tag","embeddable":true,"href":"https:\/\/agora.xtec.cat\/ceip-enric-granados\/wp-json\/wp\/v2\/tags?post=1395"}],"curies":[{"name":"wp","href":"https:\/\/api.w.org\/{rel}","templated":true}]}}