{"id":12787,"date":"2025-03-12T12:48:33","date_gmt":"2025-03-12T11:48:33","guid":{"rendered":"https:\/\/agora.xtec.cat\/ceip-eltimo\/?p=12787"},"modified":"2025-04-09T13:32:43","modified_gmt":"2025-04-09T11:32:43","slug":"dia-de-la-dona","status":"publish","type":"post","link":"https:\/\/agora.xtec.cat\/ceip-eltimo\/general\/dia-de-la-dona\/","title":{"rendered":"DIA DE LA DONA"},"content":{"rendered":"<p style=\"text-align: justify;\">El passat divendres 7 de mar\u00e7, a l\u2019escola El Tim\u00f3, vam realitzar una activitat molt significativa en qu\u00e8 els alumnes van reflexionar sobre les dones que formen part de les seves vides i sobre la import\u00e0ncia que aquestes dones tenen per a ells. Aquesta activitat va consistir en una s\u00e8rie d&#8217;exercicis i din\u00e0miques en qu\u00e8 els alumnes van identificar i parlar de les figures femenines m\u00e9s rellevants del seu entorn, ja siguin membres de la seva fam\u00edlia, professores, amigues o altres dones que els inspiren i els influencien. L&#8217;objectiu era fer que els alumnes prenguessin consci\u00e8ncia de les aportacions i els rols fonamentals que les dones tenen en el seu dia a dia, i en qu\u00e8 els hi aporten en termes de suport emocional, educatiu, personal o professional.<\/p>\n<p style=\"text-align: justify;\">A trav\u00e9s de la reflexi\u00f3 sobre aquestes figures femenines, els alumnes van poder analitzar com les dones influeixen en el seu desenvolupament i en la seva visi\u00f3 del m\u00f3n. Tamb\u00e9 vam parlar de la import\u00e0ncia de recon\u00e8ixer i valorar el paper que juguen aquestes dones, ja que sovint les seves contribucions poden passar desapercebudes o no ser prou apreciades per la societat en general. La idea era sensibilitzar els alumnes sobre la necessitat de donar visibilitat a aquestes figures, reconeixent la seva import\u00e0ncia i contribuci\u00f3 en tots els \u00e0mbits de la vida.<\/p>\n<p style=\"text-align: justify;\">Durant l\u2019activitat, es va generar un espai de di\u00e0leg i reflexi\u00f3 en qu\u00e8 els alumnes van compartir les seves experi\u00e8ncies i viv\u00e8ncies amb les dones que els envolten, i tamb\u00e9 van poder expressar el respecte i agra\u00efment que senten per elles. Aix\u00ed, vam aconseguir fomentar un ambient de reconeixement, empatia i respecte per les dones, destacant la seva rellev\u00e0ncia en el m\u00f3n actual i en les vides personals de cada alumne. Aquesta activitat va ser una manera efectiva d\u2019ajudar els alumnes a reflexionar sobre la import\u00e0ncia de la igualtat i el respecte en les relacions interpersonals, especialment pel que fa al reconeixement del valor de les dones.<\/p>\n<p><iframe loading=\"lazy\" title=\"CAN\u00c7\u00d3 DE FER CAM\u00cd\" width=\"500\" height=\"281\" src=\"https:\/\/www.youtube.com\/embed\/4xxeRtdBKRQ?feature=oembed\" frameborder=\"0\" allow=\"accelerometer; autoplay; clipboard-write; encrypted-media; gyroscope; picture-in-picture; web-share\" referrerpolicy=\"strict-origin-when-cross-origin\" allowfullscreen><\/iframe><\/p>\n<p><!--a=1--><\/p>\n","protected":false},"excerpt":{"rendered":"<p>Dia de la dona a l&#8217;escola. &hellip;  <a href=\"https:\/\/agora.xtec.cat\/ceip-eltimo\/general\/dia-de-la-dona\/\" title=\"Read DIA DE LA DONA\">Llegeix m\u00e9s\u00bb<\/a><\/p>\n","protected":false},"author":2,"featured_media":12788,"comment_status":"open","ping_status":"closed","sticky":false,"template":"","format":"standard","meta":{"_bbp_topic_count":0,"_bbp_reply_count":0,"_bbp_total_topic_count":0,"_bbp_total_reply_count":0,"_bbp_voice_count":0,"_bbp_anonymous_reply_count":0,"_bbp_topic_count_hidden":0,"_bbp_reply_count_hidden":0,"_bbp_forum_subforum_count":0,"footnotes":""},"categories":[1,4],"tags":[287,288],"class_list":["post-12787","post","type-post","status-publish","format-standard","has-post-thumbnail","hentry","category-general","category-portada","tag-dia","tag-dona"],"post_mailing_queue_ids":[],"_links":{"self":[{"href":"https:\/\/agora.xtec.cat\/ceip-eltimo\/wp-json\/wp\/v2\/posts\/12787","targetHints":{"allow":["GET"]}}],"collection":[{"href":"https:\/\/agora.xtec.cat\/ceip-eltimo\/wp-json\/wp\/v2\/posts"}],"about":[{"href":"https:\/\/agora.xtec.cat\/ceip-eltimo\/wp-json\/wp\/v2\/types\/post"}],"author":[{"embeddable":true,"href":"https:\/\/agora.xtec.cat\/ceip-eltimo\/wp-json\/wp\/v2\/users\/2"}],"replies":[{"embeddable":true,"href":"https:\/\/agora.xtec.cat\/ceip-eltimo\/wp-json\/wp\/v2\/comments?post=12787"}],"version-history":[{"count":2,"href":"https:\/\/agora.xtec.cat\/ceip-eltimo\/wp-json\/wp\/v2\/posts\/12787\/revisions"}],"predecessor-version":[{"id":12793,"href":"https:\/\/agora.xtec.cat\/ceip-eltimo\/wp-json\/wp\/v2\/posts\/12787\/revisions\/12793"}],"wp:featuredmedia":[{"embeddable":true,"href":"https:\/\/agora.xtec.cat\/ceip-eltimo\/wp-json\/wp\/v2\/media\/12788"}],"wp:attachment":[{"href":"https:\/\/agora.xtec.cat\/ceip-eltimo\/wp-json\/wp\/v2\/media?parent=12787"}],"wp:term":[{"taxonomy":"category","embeddable":true,"href":"https:\/\/agora.xtec.cat\/ceip-eltimo\/wp-json\/wp\/v2\/categories?post=12787"},{"taxonomy":"post_tag","embeddable":true,"href":"https:\/\/agora.xtec.cat\/ceip-eltimo\/wp-json\/wp\/v2\/tags?post=12787"}],"curies":[{"name":"wp","href":"https:\/\/api.w.org\/{rel}","templated":true}]}}