{"id":12704,"date":"2024-12-20T10:37:03","date_gmt":"2024-12-20T09:37:03","guid":{"rendered":"https:\/\/agora.xtec.cat\/ceip-eltimo\/?p=12704"},"modified":"2025-02-17T08:51:31","modified_gmt":"2025-02-17T07:51:31","slug":"festival-de-nadal-2024","status":"publish","type":"post","link":"https:\/\/agora.xtec.cat\/ceip-eltimo\/general\/festival-de-nadal-2024\/","title":{"rendered":"Festival de Nadal 2024"},"content":{"rendered":"<p>El passat dimarts 17 de desembre v\u00e0rem celebrar el festival de nadal.<\/p>\n<p>La celebraci\u00f3 es va realitzar a les 14:30h al Rac\u00f3 Social de Sidamon. Tots els familiars, ve\u00efns i amics que van voler, van poder gaudir de l\u2019obra de teatre \u201cOperaci\u00f3 Pessebre\u201d representada per tot l\u2019alumnat de l\u2019escola i llar d\u2019infants del nostre poble. Despr\u00e9s de la representaci\u00f3 v\u00e0rem cantar dues peces: una adaptaci\u00f3 feta per la nostra mestra de m\u00fasica de la nadala \u201cJingle Bells Rock\u201d i la can\u00e7\u00f3 del CdA Pau Casals \u201cMirall de Pau\u201d. Tot seguit l\u2019AMPA ens va amenitzar la vetllada amb un berenar solidari i el sorteig de la cistella de Nadal.<\/p>\n<p>Us deixem un enlla\u00e7 on podreu visualitzar tot el festival de Nadal del nostre alumnat.<\/p>\n<p>Tota la comunitat educativa de l\u2019Escola el Tim\u00f3 de Sidamon us volem desitjar un molt bon Nadal i una feli\u00e7 entrada a l\u2019any nou. Bones festes a tothom!<\/p>\n<p><iframe loading=\"lazy\" title=\"Fesival de Nadal 2024\" width=\"500\" height=\"281\" src=\"https:\/\/www.youtube.com\/embed\/x8xBfaImlNE?feature=oembed\" frameborder=\"0\" allow=\"accelerometer; autoplay; clipboard-write; encrypted-media; gyroscope; picture-in-picture; web-share\" referrerpolicy=\"strict-origin-when-cross-origin\" allowfullscreen><\/iframe><\/p>\n","protected":false},"excerpt":{"rendered":"<p>Festival Nadal 2024&hellip;  <a href=\"https:\/\/agora.xtec.cat\/ceip-eltimo\/general\/festival-de-nadal-2024\/\" title=\"Read Festival de Nadal 2024\">Llegeix m\u00e9s\u00bb<\/a><\/p>\n","protected":false},"author":2,"featured_media":12705,"comment_status":"open","ping_status":"closed","sticky":false,"template":"","format":"standard","meta":{"_bbp_topic_count":0,"_bbp_reply_count":0,"_bbp_total_topic_count":0,"_bbp_total_reply_count":0,"_bbp_voice_count":0,"_bbp_anonymous_reply_count":0,"_bbp_topic_count_hidden":0,"_bbp_reply_count_hidden":0,"_bbp_forum_subforum_count":0,"footnotes":""},"categories":[1,4],"tags":[251,105,106],"class_list":["post-12704","post","type-post","status-publish","format-standard","has-post-thumbnail","hentry","category-general","category-portada","tag-251","tag-festival","tag-nadal"],"post_mailing_queue_ids":[],"_links":{"self":[{"href":"https:\/\/agora.xtec.cat\/ceip-eltimo\/wp-json\/wp\/v2\/posts\/12704","targetHints":{"allow":["GET"]}}],"collection":[{"href":"https:\/\/agora.xtec.cat\/ceip-eltimo\/wp-json\/wp\/v2\/posts"}],"about":[{"href":"https:\/\/agora.xtec.cat\/ceip-eltimo\/wp-json\/wp\/v2\/types\/post"}],"author":[{"embeddable":true,"href":"https:\/\/agora.xtec.cat\/ceip-eltimo\/wp-json\/wp\/v2\/users\/2"}],"replies":[{"embeddable":true,"href":"https:\/\/agora.xtec.cat\/ceip-eltimo\/wp-json\/wp\/v2\/comments?post=12704"}],"version-history":[{"count":1,"href":"https:\/\/agora.xtec.cat\/ceip-eltimo\/wp-json\/wp\/v2\/posts\/12704\/revisions"}],"predecessor-version":[{"id":12706,"href":"https:\/\/agora.xtec.cat\/ceip-eltimo\/wp-json\/wp\/v2\/posts\/12704\/revisions\/12706"}],"wp:featuredmedia":[{"embeddable":true,"href":"https:\/\/agora.xtec.cat\/ceip-eltimo\/wp-json\/wp\/v2\/media\/12705"}],"wp:attachment":[{"href":"https:\/\/agora.xtec.cat\/ceip-eltimo\/wp-json\/wp\/v2\/media?parent=12704"}],"wp:term":[{"taxonomy":"category","embeddable":true,"href":"https:\/\/agora.xtec.cat\/ceip-eltimo\/wp-json\/wp\/v2\/categories?post=12704"},{"taxonomy":"post_tag","embeddable":true,"href":"https:\/\/agora.xtec.cat\/ceip-eltimo\/wp-json\/wp\/v2\/tags?post=12704"}],"curies":[{"name":"wp","href":"https:\/\/api.w.org\/{rel}","templated":true}]}}