{"id":12693,"date":"2024-12-04T12:07:33","date_gmt":"2024-12-04T11:07:33","guid":{"rendered":"https:\/\/agora.xtec.cat\/ceip-eltimo\/?p=12693"},"modified":"2024-12-04T12:10:31","modified_gmt":"2024-12-04T11:10:31","slug":"com-tractar-el-dol-amb-els-infants","status":"publish","type":"post","link":"https:\/\/agora.xtec.cat\/ceip-eltimo\/general\/com-tractar-el-dol-amb-els-infants\/","title":{"rendered":"COM TRACTAR EL DOL AMB ELS INFANTS?"},"content":{"rendered":"<p>Aquest mes de novembre em estat afortunats a l\u2019escola, ja que hem pogut gaudir d\u2019un taller sobre el dol. Gr\u00e0cies a la Vegonya, que ens ha explicar i ajudat a gestionar els nostre sentiments i les nostres emocions davant la p\u00e8rdua d\u2019un \u00e9sser estimat.<\/p>\n<p>Des de l\u2019escola em tancat l\u2019activitat creant el nostre propi espai de les emocions, hem posat a l\u2019abast dels infants els pots de les emaciacions. D\u2019aquesta manera si avui em sento content puc omplir el pot de l\u2019alegria, per\u00f2 si estic enfadat tamb\u00e9 puc posar el meu trosset de fil vermell al pot d ela r\u00e0bia.<\/p>\n<p>D\u2019aquesta manera aprenem a canalitzar i gestionar els nostre sentiment.<\/p>\n\r\n\t<div class=\"slideshow_container slideshow_container_style-light\" style=\"height: 300px; \" data-slideshow-id=\"12689\" data-style-name=\"style-light\" data-style-version=\"2.3.1\" >\r\n\r\n\t\t\t\t\t<div class=\"slideshow_loading_icon\"><\/div>\r\n\t\t\r\n\t\t<div class=\"slideshow_content\" style=\"display: none;\">\r\n\r\n\t\t\t<div class=\"slideshow_view\">\r\n\t\t\t\t<div class=\"slideshow_slide slideshow_slide_image\">\r\n\t\t\t\t\t\t\t\t\t\t\t<img src=\"https:\/\/agora.xtec.cat\/ceip-eltimo\/wp-content\/uploads\/usu533\/2024\/12\/WhatsApp-Image-2024-11-25-at-11.38.35.jpeg\" alt=\"WhatsApp Image 2024-11-25 at 11.38.35\" width=\"2000\" height=\"1500\" \/>\r\n\t\t\t\t\t\t\t\t\t\t<div class=\"slideshow_description_box slideshow_transparent\">\r\n\t\t\t\t\t\t<div class=\"slideshow_title\">WhatsApp Image 2024-11-25 at 11.38.35<\/div>\t\t\t\t\t\t\t\t\t\t\t<\/div>\r\n\t\t\t\t<\/div>\r\n\r\n\t\t\t\t\t\t<div style=\"clear: both;\"><\/div><\/div><div class=\"slideshow_view\">\r\n\t\t\t\t<div class=\"slideshow_slide slideshow_slide_image\">\r\n\t\t\t\t\t\t\t\t\t\t\t<img src=\"https:\/\/agora.xtec.cat\/ceip-eltimo\/wp-content\/uploads\/usu533\/2024\/12\/WhatsApp-Image-2024-11-25-at-11.38.35-2.jpeg\" alt=\"WhatsApp Image 2024-11-25 at 11.38.35 (2)\" width=\"2000\" height=\"1500\" \/>\r\n\t\t\t\t\t\t\t\t\t\t<div class=\"slideshow_description_box slideshow_transparent\">\r\n\t\t\t\t\t\t<div class=\"slideshow_title\">WhatsApp Image 2024-11-25 at 11.38.35 (2)<\/div>\t\t\t\t\t\t\t\t\t\t\t<\/div>\r\n\t\t\t\t<\/div>\r\n\r\n\t\t\t\t\t\t<div style=\"clear: both;\"><\/div><\/div><div class=\"slideshow_view\">\r\n\t\t\t\t<div class=\"slideshow_slide slideshow_slide_image\">\r\n\t\t\t\t\t\t\t\t\t\t\t<img src=\"https:\/\/agora.xtec.cat\/ceip-eltimo\/wp-content\/uploads\/usu533\/2024\/12\/WhatsApp-Image-2024-11-25-at-11.38.35-1.jpeg\" alt=\"WhatsApp Image 2024-11-25 at 11.38.35 (1)\" width=\"1500\" height=\"2000\" \/>\r\n\t\t\t\t\t\t\t\t\t\t<div class=\"slideshow_description_box slideshow_transparent\">\r\n\t\t\t\t\t\t<div class=\"slideshow_title\">WhatsApp Image 2024-11-25 at 11.38.35 (1)<\/div>\t\t\t\t\t\t\t\t\t\t\t<\/div>\r\n\t\t\t\t<\/div>\r\n\r\n\t\t\t\t\t\t<div style=\"clear: both;\"><\/div><\/div>\r\n\t\t<\/div>\r\n\r\n\t\t<div class=\"slideshow_controlPanel slideshow_transparent\" style=\"display: none;\"><ul><li class=\"slideshow_togglePlay\" data-play-text=\"Visualitza\" data-pause-text=\"Pausa\"><\/li><\/ul><\/div>\r\n\r\n\t\t<div class=\"slideshow_button slideshow_previous slideshow_transparent\" role=\"button\" data-previous-text=\"Anterior\" style=\"display: none;\"><\/div>\r\n\t\t<div class=\"slideshow_button slideshow_next slideshow_transparent\" role=\"button\" data-next-text=\"Seg\u00fcent\" style=\"display: none;\"><\/div>\r\n\r\n\t\t<div class=\"slideshow_pagination\" style=\"display: none;\" data-go-to-text=\"V\u00e9s a la diapositiva\"><div class=\"slideshow_pagination_center\"><\/div><\/div>\r\n\r\n\t\t<!-- WordPress Slideshow Version 2.3.1 -->\r\n\r\n\t\t\t<\/div>\r\n\r\n\n","protected":false},"excerpt":{"rendered":"<p>Taller del dol&hellip;  <a href=\"https:\/\/agora.xtec.cat\/ceip-eltimo\/general\/com-tractar-el-dol-amb-els-infants\/\" title=\"Read COM TRACTAR EL DOL AMB ELS INFANTS?\">Llegeix m\u00e9s\u00bb<\/a><\/p>\n","protected":false},"author":2,"featured_media":12692,"comment_status":"open","ping_status":"closed","sticky":false,"template":"","format":"standard","meta":{"_bbp_topic_count":0,"_bbp_reply_count":0,"_bbp_total_topic_count":0,"_bbp_total_reply_count":0,"_bbp_voice_count":0,"_bbp_anonymous_reply_count":0,"_bbp_topic_count_hidden":0,"_bbp_reply_count_hidden":0,"_bbp_forum_subforum_count":0,"footnotes":""},"categories":[1,4],"tags":[282,241],"class_list":["post-12693","post","type-post","status-publish","format-standard","has-post-thumbnail","hentry","category-general","category-portada","tag-dol","tag-taller"],"post_mailing_queue_ids":[],"_links":{"self":[{"href":"https:\/\/agora.xtec.cat\/ceip-eltimo\/wp-json\/wp\/v2\/posts\/12693","targetHints":{"allow":["GET"]}}],"collection":[{"href":"https:\/\/agora.xtec.cat\/ceip-eltimo\/wp-json\/wp\/v2\/posts"}],"about":[{"href":"https:\/\/agora.xtec.cat\/ceip-eltimo\/wp-json\/wp\/v2\/types\/post"}],"author":[{"embeddable":true,"href":"https:\/\/agora.xtec.cat\/ceip-eltimo\/wp-json\/wp\/v2\/users\/2"}],"replies":[{"embeddable":true,"href":"https:\/\/agora.xtec.cat\/ceip-eltimo\/wp-json\/wp\/v2\/comments?post=12693"}],"version-history":[{"count":1,"href":"https:\/\/agora.xtec.cat\/ceip-eltimo\/wp-json\/wp\/v2\/posts\/12693\/revisions"}],"predecessor-version":[{"id":12694,"href":"https:\/\/agora.xtec.cat\/ceip-eltimo\/wp-json\/wp\/v2\/posts\/12693\/revisions\/12694"}],"wp:featuredmedia":[{"embeddable":true,"href":"https:\/\/agora.xtec.cat\/ceip-eltimo\/wp-json\/wp\/v2\/media\/12692"}],"wp:attachment":[{"href":"https:\/\/agora.xtec.cat\/ceip-eltimo\/wp-json\/wp\/v2\/media?parent=12693"}],"wp:term":[{"taxonomy":"category","embeddable":true,"href":"https:\/\/agora.xtec.cat\/ceip-eltimo\/wp-json\/wp\/v2\/categories?post=12693"},{"taxonomy":"post_tag","embeddable":true,"href":"https:\/\/agora.xtec.cat\/ceip-eltimo\/wp-json\/wp\/v2\/tags?post=12693"}],"curies":[{"name":"wp","href":"https:\/\/api.w.org\/{rel}","templated":true}]}}