{"id":11625,"date":"2022-12-16T09:56:11","date_gmt":"2022-12-16T08:56:11","guid":{"rendered":"https:\/\/agora.xtec.cat\/ceip-eltimo\/?p=11625"},"modified":"2022-12-22T11:16:43","modified_gmt":"2022-12-22T10:16:43","slug":"treballem-les-matematiques-de-forma-cooperativa","status":"publish","type":"post","link":"https:\/\/agora.xtec.cat\/ceip-eltimo\/general\/treballem-les-matematiques-de-forma-cooperativa\/","title":{"rendered":"TREBALLEM LES MATEM\u00c0TIQUES DE FORMA COOPERATIVA"},"content":{"rendered":"<p>A l\u2019aula de <strong>cicle superior<\/strong>, com \u00e9s habitual tots els dilluns, dediquem una sessi\u00f3 a resoldre <strong>problemes matem\u00e0tics<\/strong> de <strong>forma cooperativa<\/strong>. Comprovem que, amb l\u2019aportaci\u00f3 de cadasc\u00fa, podem resoldre m\u00e9s situacions i, a m\u00e9s, aprenen els uns dels altres.<\/p>\n\r\n\t<div class=\"slideshow_container slideshow_container_style-light\" style=\"height: 300px; \" data-slideshow-id=\"11621\" data-style-name=\"style-light\" data-style-version=\"2.3.1\" >\r\n\r\n\t\t\t\t\t<div class=\"slideshow_loading_icon\"><\/div>\r\n\t\t\r\n\t\t<div class=\"slideshow_content\" style=\"display: none;\">\r\n\r\n\t\t\t<div class=\"slideshow_view\">\r\n\t\t\t\t<div class=\"slideshow_slide slideshow_slide_image\">\r\n\t\t\t\t\t\t\t\t\t\t\t<img src=\"https:\/\/agora.xtec.cat\/ceip-eltimo\/wp-content\/uploads\/usu533\/2022\/12\/IMG_20221128_161246.jpg\" alt=\"IMG_20221128_161246\" width=\"640\" height=\"480\" \/>\r\n\t\t\t\t\t\t\t\t\t\t<div class=\"slideshow_description_box slideshow_transparent\">\r\n\t\t\t\t\t\t<div class=\"slideshow_title\">IMG_20221128_161246<\/div>\t\t\t\t\t\t\t\t\t\t\t<\/div>\r\n\t\t\t\t<\/div>\r\n\r\n\t\t\t\t\t\t<div style=\"clear: both;\"><\/div><\/div><div class=\"slideshow_view\">\r\n\t\t\t\t<div class=\"slideshow_slide slideshow_slide_image\">\r\n\t\t\t\t\t\t\t\t\t\t\t<img src=\"https:\/\/agora.xtec.cat\/ceip-eltimo\/wp-content\/uploads\/usu533\/2022\/12\/IMG_20221128_161242.jpg\" alt=\"IMG_20221128_161242\" width=\"640\" height=\"480\" \/>\r\n\t\t\t\t\t\t\t\t\t\t<div class=\"slideshow_description_box slideshow_transparent\">\r\n\t\t\t\t\t\t<div class=\"slideshow_title\">IMG_20221128_161242<\/div>\t\t\t\t\t\t\t\t\t\t\t<\/div>\r\n\t\t\t\t<\/div>\r\n\r\n\t\t\t\t\t\t<div style=\"clear: both;\"><\/div><\/div><div class=\"slideshow_view\">\r\n\t\t\t\t<div class=\"slideshow_slide slideshow_slide_image\">\r\n\t\t\t\t\t\t\t\t\t\t\t<img src=\"https:\/\/agora.xtec.cat\/ceip-eltimo\/wp-content\/uploads\/usu533\/2022\/12\/IMG_20221128_161228.jpg\" alt=\"IMG_20221128_161228\" width=\"640\" height=\"480\" \/>\r\n\t\t\t\t\t\t\t\t\t\t<div class=\"slideshow_description_box slideshow_transparent\">\r\n\t\t\t\t\t\t<div class=\"slideshow_title\">IMG_20221128_161228<\/div>\t\t\t\t\t\t\t\t\t\t\t<\/div>\r\n\t\t\t\t<\/div>\r\n\r\n\t\t\t\t\t\t<div style=\"clear: both;\"><\/div><\/div>\r\n\t\t<\/div>\r\n\r\n\t\t<div class=\"slideshow_controlPanel slideshow_transparent\" style=\"display: none;\"><ul><li class=\"slideshow_togglePlay\" data-play-text=\"Visualitza\" data-pause-text=\"Pausa\"><\/li><\/ul><\/div>\r\n\r\n\t\t<div class=\"slideshow_button slideshow_previous slideshow_transparent\" role=\"button\" data-previous-text=\"Anterior\" style=\"display: none;\"><\/div>\r\n\t\t<div class=\"slideshow_button slideshow_next slideshow_transparent\" role=\"button\" data-next-text=\"Seg\u00fcent\" style=\"display: none;\"><\/div>\r\n\r\n\t\t<div class=\"slideshow_pagination\" style=\"display: none;\" data-go-to-text=\"V\u00e9s a la diapositiva\"><div class=\"slideshow_pagination_center\"><\/div><\/div>\r\n\r\n\t\t<!-- WordPress Slideshow Version 2.3.1 -->\r\n\r\n\t\t\t<\/div>\r\n\r\n\n","protected":false},"excerpt":{"rendered":"<p>Treballem les matem\u00e0tiques de forma cooperativa a CS&hellip;  <a href=\"https:\/\/agora.xtec.cat\/ceip-eltimo\/general\/treballem-les-matematiques-de-forma-cooperativa\/\" title=\"Read TREBALLEM LES MATEM\u00c0TIQUES DE FORMA COOPERATIVA\">Llegeix m\u00e9s\u00bb<\/a><\/p>\n","protected":false},"author":2,"featured_media":11624,"comment_status":"open","ping_status":"closed","sticky":false,"template":"","format":"standard","meta":{"_bbp_topic_count":0,"_bbp_reply_count":0,"_bbp_total_topic_count":0,"_bbp_total_reply_count":0,"_bbp_voice_count":0,"_bbp_anonymous_reply_count":0,"_bbp_topic_count_hidden":0,"_bbp_reply_count_hidden":0,"_bbp_forum_subforum_count":0,"footnotes":""},"categories":[1,4],"tags":[147],"class_list":["post-11625","post","type-post","status-publish","format-standard","has-post-thumbnail","hentry","category-general","category-portada","tag-cooperatiu"],"post_mailing_queue_ids":[],"_links":{"self":[{"href":"https:\/\/agora.xtec.cat\/ceip-eltimo\/wp-json\/wp\/v2\/posts\/11625","targetHints":{"allow":["GET"]}}],"collection":[{"href":"https:\/\/agora.xtec.cat\/ceip-eltimo\/wp-json\/wp\/v2\/posts"}],"about":[{"href":"https:\/\/agora.xtec.cat\/ceip-eltimo\/wp-json\/wp\/v2\/types\/post"}],"author":[{"embeddable":true,"href":"https:\/\/agora.xtec.cat\/ceip-eltimo\/wp-json\/wp\/v2\/users\/2"}],"replies":[{"embeddable":true,"href":"https:\/\/agora.xtec.cat\/ceip-eltimo\/wp-json\/wp\/v2\/comments?post=11625"}],"version-history":[{"count":1,"href":"https:\/\/agora.xtec.cat\/ceip-eltimo\/wp-json\/wp\/v2\/posts\/11625\/revisions"}],"predecessor-version":[{"id":11626,"href":"https:\/\/agora.xtec.cat\/ceip-eltimo\/wp-json\/wp\/v2\/posts\/11625\/revisions\/11626"}],"wp:featuredmedia":[{"embeddable":true,"href":"https:\/\/agora.xtec.cat\/ceip-eltimo\/wp-json\/wp\/v2\/media\/11624"}],"wp:attachment":[{"href":"https:\/\/agora.xtec.cat\/ceip-eltimo\/wp-json\/wp\/v2\/media?parent=11625"}],"wp:term":[{"taxonomy":"category","embeddable":true,"href":"https:\/\/agora.xtec.cat\/ceip-eltimo\/wp-json\/wp\/v2\/categories?post=11625"},{"taxonomy":"post_tag","embeddable":true,"href":"https:\/\/agora.xtec.cat\/ceip-eltimo\/wp-json\/wp\/v2\/tags?post=11625"}],"curies":[{"name":"wp","href":"https:\/\/api.w.org\/{rel}","templated":true}]}}