{"id":10936,"date":"2021-09-08T11:58:23","date_gmt":"2021-09-08T09:58:23","guid":{"rendered":"https:\/\/agora.xtec.cat\/ceip-eltimo\/?p=10936"},"modified":"2021-10-06T13:13:37","modified_gmt":"2021-10-06T11:13:37","slug":"benvinguts-al-curs-2021-2022","status":"publish","type":"post","link":"https:\/\/agora.xtec.cat\/ceip-eltimo\/general\/benvinguts-al-curs-2021-2022\/","title":{"rendered":"BENVINGUTS AL CURS 2021-2022"},"content":{"rendered":"<p>Dilluns ser\u00e0 un dia molt especial. Ens retrobarem despr\u00e9s d&#8217;un estiu on hem pogut gaudir d&#8217;unes merescudes vacances. I per comen\u00e7ar amb bon peu us deixem el pla d&#8217;obertura de centre perqu\u00e8 sigueu coneixedors de les noves mesures a aplicar aquest curs.<\/p>\n<p>Ens veiem aviat!<\/p>\n<p><a href=\"https:\/\/agora.xtec.cat\/ceip-eltimo\/wp-content\/uploads\/usu533\/2021\/09\/PLA-DOBERTURA-DE-CENTRE..pdf\">PLA D&#8217;OBERTURA DE CENTRE.<\/a><\/p>\n","protected":false},"excerpt":{"rendered":"<p>Pla d&#8217;obertura de centre.&hellip;  <a href=\"https:\/\/agora.xtec.cat\/ceip-eltimo\/general\/benvinguts-al-curs-2021-2022\/\" title=\"Read BENVINGUTS AL CURS 2021-2022\">Llegeix m\u00e9s\u00bb<\/a><\/p>\n","protected":false},"author":1,"featured_media":10938,"comment_status":"open","ping_status":"closed","sticky":false,"template":"","format":"standard","meta":{"_bbp_topic_count":0,"_bbp_reply_count":0,"_bbp_total_topic_count":0,"_bbp_total_reply_count":0,"_bbp_voice_count":0,"_bbp_anonymous_reply_count":0,"_bbp_topic_count_hidden":0,"_bbp_reply_count_hidden":0,"_bbp_forum_subforum_count":0,"footnotes":""},"categories":[1,4],"tags":[],"class_list":["post-10936","post","type-post","status-publish","format-standard","has-post-thumbnail","hentry","category-general","category-portada"],"post_mailing_queue_ids":[],"_links":{"self":[{"href":"https:\/\/agora.xtec.cat\/ceip-eltimo\/wp-json\/wp\/v2\/posts\/10936","targetHints":{"allow":["GET"]}}],"collection":[{"href":"https:\/\/agora.xtec.cat\/ceip-eltimo\/wp-json\/wp\/v2\/posts"}],"about":[{"href":"https:\/\/agora.xtec.cat\/ceip-eltimo\/wp-json\/wp\/v2\/types\/post"}],"author":[{"embeddable":true,"href":"https:\/\/agora.xtec.cat\/ceip-eltimo\/wp-json\/wp\/v2\/users\/1"}],"replies":[{"embeddable":true,"href":"https:\/\/agora.xtec.cat\/ceip-eltimo\/wp-json\/wp\/v2\/comments?post=10936"}],"version-history":[{"count":2,"href":"https:\/\/agora.xtec.cat\/ceip-eltimo\/wp-json\/wp\/v2\/posts\/10936\/revisions"}],"predecessor-version":[{"id":10940,"href":"https:\/\/agora.xtec.cat\/ceip-eltimo\/wp-json\/wp\/v2\/posts\/10936\/revisions\/10940"}],"wp:featuredmedia":[{"embeddable":true,"href":"https:\/\/agora.xtec.cat\/ceip-eltimo\/wp-json\/wp\/v2\/media\/10938"}],"wp:attachment":[{"href":"https:\/\/agora.xtec.cat\/ceip-eltimo\/wp-json\/wp\/v2\/media?parent=10936"}],"wp:term":[{"taxonomy":"category","embeddable":true,"href":"https:\/\/agora.xtec.cat\/ceip-eltimo\/wp-json\/wp\/v2\/categories?post=10936"},{"taxonomy":"post_tag","embeddable":true,"href":"https:\/\/agora.xtec.cat\/ceip-eltimo\/wp-json\/wp\/v2\/tags?post=10936"}],"curies":[{"name":"wp","href":"https:\/\/api.w.org\/{rel}","templated":true}]}}