{"id":10441,"date":"2020-12-21T09:00:59","date_gmt":"2020-12-21T08:00:59","guid":{"rendered":"http:\/\/agora.xtec.cat\/ceip-eltimo\/?p=10441"},"modified":"2021-05-16T00:40:58","modified_gmt":"2021-05-15T22:40:58","slug":"festival-de-nadal-2020","status":"publish","type":"post","link":"https:\/\/agora.xtec.cat\/ceip-eltimo\/general\/festival-de-nadal-2020\/","title":{"rendered":"FESTIVAL DE NADAL 2020"},"content":{"rendered":"<p style=\"text-align: left;\">Pares i mares, padrins i padrines, tiets i tietes, ex-alumnes i amics tots,<\/p>\n<p style=\"text-align: left;\">Sigueu tots molt benvinguts al <strong>Festival de Nadal 2020<\/strong> de <strong>l&#8217;Escola el Tim\u00f3 de Sidamon<\/strong>.<\/p>\n<p style=\"text-align: left;\">Un festival, que evidentment, no podrem oferir al local del ball, per\u00f2 que de ben segur farem que sigui tamb\u00e9, <strong>molt especial<\/strong>. No hem volgut deixar de celebrar aquest tradicional acte. Aix\u00ed que, <strong>amb l&#8217;esfor\u00e7 de tots<\/strong>, hem intentat fer el possible per no perdre <strong>la il\u00b7lusi\u00f3 i tots els sentiments que es desperten durant aquests dies tan especials<\/strong>.<\/p>\n<p style=\"text-align: left;\">A continuaci\u00f3 podeu gaudir de les actuacions dels <strong>nostres artistes<\/strong>. Unes actuacions on veureu cantar <strong>nadales<\/strong> i interpretar can\u00e7ons de la <strong>Marat\u00f3 2020<\/strong> &#8221; <strong>Aquesta marat\u00f3 toca a tothom<\/strong>&#8220;<\/p>\n<p style=\"text-align: left;\">Esperem que us agradi l&#8217;espectacle!!! <strong>BONES FESTES A TOTHOM<\/strong>!<\/p>\n<p style=\"text-align: left;\"><strong>Comen\u00e7arem amb els alumnes m\u00e9s petits de la casa<\/strong>, els alumnes d&#8217; <strong>Educaci\u00f3 Infantil<\/strong>:<\/p>\n<p style=\"text-align: center;\"><iframe loading=\"lazy\" src=\"\/\/www.youtube.com\/embed\/yJZgNcJjOQM\" width=\"560\" height=\"315\" frameborder=\"0\"><\/iframe><\/p>\n<p style=\"text-align: justify;\"><strong>Tenim el futur assegurat amb aquests artistes!<\/strong> I ara, \u00e9s el torn dels alumnes de <strong>Cicle Inicial<\/strong>!<\/p>\n<p style=\"text-align: center;\"><iframe loading=\"lazy\" src=\"\/\/www.youtube.com\/embed\/JFNnLd4hS-g\" width=\"560\" height=\"315\" frameborder=\"0\"><\/iframe><\/p>\n<p style=\"text-align: justify;\"><strong>Vaja, ens faran emocionar i tot!!<\/strong>! I seguirem amb els alumnes de <strong>Cicle Mitj\u00e0<\/strong>!<\/p>\n<p style=\"text-align: center;\"><iframe loading=\"lazy\" src=\"\/\/www.youtube.com\/embed\/-IrrOU9vGPQ\" width=\"560\" height=\"315\" frameborder=\"0\"><\/iframe><\/p>\n<p style=\"text-align: justify;\"><strong>Quina manera de moure&#8217;s aquestes noies i nois de 3r i 4t!!!<\/strong> A continuaci\u00f3 \u00e9s el torn de <strong>Cinqu\u00e8<\/strong>!<\/p>\n<p style=\"text-align: center;\"><iframe loading=\"lazy\" src=\"\/\/www.youtube.com\/embed\/5e9AG4TaBXo\" width=\"560\" height=\"315\" frameborder=\"0\"><\/iframe><\/p>\n<p style=\"text-align: justify;\"><strong>Quin espectacle! Es nota que fa anys que fan festivals!<\/strong><\/p>\n<p style=\"text-align: justify;\">Finalment, els m\u00e9s grans de l&#8217;escola, en el seu \u00faltim festival! <strong>Els alumnes de 6\u00e8!<\/strong><\/p>\n<p style=\"text-align: center;\"><iframe loading=\"lazy\" src=\"\/\/www.youtube.com\/embed\/DFkctmi_yPg\" width=\"560\" height=\"315\" frameborder=\"0\"><\/iframe><\/p>\n<p style=\"text-align: justify;\"><strong>M&#8217;he quedat sense paraules. Com diria alg\u00fa molt conegut&#8230;..BRUTAL!!!<\/strong><\/p>\n<p style=\"text-align: left;\"><strong>No marxeu!!<\/strong>! Encara no hem acabat. A continuaci\u00f3 podreu veure la <strong>tradicional nadala<\/strong> interpretada conjuntament per <strong>tot l&#8217;alumnat de l&#8217;escola<\/strong>.<\/p>\n<p style=\"text-align: center;\"><iframe loading=\"lazy\" src=\"\/\/www.youtube.com\/embed\/NH3v6xHzAHM\" width=\"560\" height=\"315\" frameborder=\"0\"><\/iframe><\/p>\n<p style=\"text-align: left;\"><strong>Ara s\u00ed, ja ha arribat el final<\/strong>. Desitgem que h\u00e0giu gaudit molt de totes i cadascuna de les diferents actuacions i esperem que el festival de l&#8217;any vinent el puguem celebrar al local del ball.<\/p>\n<p style=\"text-align: left;\"><strong>Ens acomiadem de tots vosaltres<\/strong> amb un <strong>regal molt especial<\/strong>: una <strong>can\u00e7\u00f3 molt popular<\/strong> interpretada per <strong>tota l&#8217;escola<\/strong>! Malauradament sempre falta alg\u00fa, ja sigui per malaltia o perqu\u00e8 el dia que gravem no hi \u00e9s! Per\u00f2 de ben segur que des de casa l&#8217;ha ballat amb nosaltres!<\/p>\n<h5><span style=\"color: #ff6600;\"><strong>MOLTES GR\u00c0CIES A TOTS I TOTES ELS QUE HEU FET POSSIBLE AQUEST MUNTATGE!!!<\/strong><\/span><\/h5>\n<p style=\"text-align: center;\"><iframe loading=\"lazy\" src=\"\/\/www.youtube.com\/embed\/c-b1HwzeSK8\" width=\"560\" height=\"315\" frameborder=\"0\"><\/iframe><\/p>\n<p>&nbsp;<\/p>\n<h1 style=\"text-align: center;\"><span style=\"color: #993366;\">BONES FESTES A TOTS!!<\/span><\/h1>\n<h1 style=\"text-align: center;\"><span style=\"color: #339966;\">ESCOLA EL TIM\u00d3 &#8211; SIDAMON<\/span><\/h1>\n<p>&nbsp;<\/p>\n<p>&nbsp;<\/p>\n<p>&nbsp;<\/p>\n","protected":false},"excerpt":{"rendered":"<p>FESTIVAL DE NADAL 2020&hellip;  <a href=\"https:\/\/agora.xtec.cat\/ceip-eltimo\/general\/festival-de-nadal-2020\/\" title=\"Read FESTIVAL DE NADAL 2020\">Llegeix m\u00e9s\u00bb<\/a><\/p>\n","protected":false},"author":1,"featured_media":10444,"comment_status":"open","ping_status":"closed","sticky":false,"template":"","format":"standard","meta":{"_bbp_topic_count":0,"_bbp_reply_count":0,"_bbp_total_topic_count":0,"_bbp_total_reply_count":0,"_bbp_voice_count":0,"_bbp_anonymous_reply_count":0,"_bbp_topic_count_hidden":0,"_bbp_reply_count_hidden":0,"_bbp_forum_subforum_count":0,"footnotes":""},"categories":[1,4],"tags":[],"class_list":["post-10441","post","type-post","status-publish","format-standard","has-post-thumbnail","hentry","category-general","category-portada"],"post_mailing_queue_ids":[],"_links":{"self":[{"href":"https:\/\/agora.xtec.cat\/ceip-eltimo\/wp-json\/wp\/v2\/posts\/10441","targetHints":{"allow":["GET"]}}],"collection":[{"href":"https:\/\/agora.xtec.cat\/ceip-eltimo\/wp-json\/wp\/v2\/posts"}],"about":[{"href":"https:\/\/agora.xtec.cat\/ceip-eltimo\/wp-json\/wp\/v2\/types\/post"}],"author":[{"embeddable":true,"href":"https:\/\/agora.xtec.cat\/ceip-eltimo\/wp-json\/wp\/v2\/users\/1"}],"replies":[{"embeddable":true,"href":"https:\/\/agora.xtec.cat\/ceip-eltimo\/wp-json\/wp\/v2\/comments?post=10441"}],"version-history":[{"count":4,"href":"https:\/\/agora.xtec.cat\/ceip-eltimo\/wp-json\/wp\/v2\/posts\/10441\/revisions"}],"predecessor-version":[{"id":10470,"href":"https:\/\/agora.xtec.cat\/ceip-eltimo\/wp-json\/wp\/v2\/posts\/10441\/revisions\/10470"}],"wp:featuredmedia":[{"embeddable":true,"href":"https:\/\/agora.xtec.cat\/ceip-eltimo\/wp-json\/wp\/v2\/media\/10444"}],"wp:attachment":[{"href":"https:\/\/agora.xtec.cat\/ceip-eltimo\/wp-json\/wp\/v2\/media?parent=10441"}],"wp:term":[{"taxonomy":"category","embeddable":true,"href":"https:\/\/agora.xtec.cat\/ceip-eltimo\/wp-json\/wp\/v2\/categories?post=10441"},{"taxonomy":"post_tag","embeddable":true,"href":"https:\/\/agora.xtec.cat\/ceip-eltimo\/wp-json\/wp\/v2\/tags?post=10441"}],"curies":[{"name":"wp","href":"https:\/\/api.w.org\/{rel}","templated":true}]}}