{"id":10435,"date":"2020-12-18T09:00:35","date_gmt":"2020-12-18T08:00:35","guid":{"rendered":"http:\/\/agora.xtec.cat\/ceip-eltimo\/?p=10435"},"modified":"2021-05-16T00:42:19","modified_gmt":"2021-05-15T22:42:19","slug":"geometria-i-entorn-a-6e","status":"publish","type":"post","link":"https:\/\/agora.xtec.cat\/ceip-eltimo\/general\/geometria-i-entorn-a-6e\/","title":{"rendered":"GEOMETRIA I ENTORN A 6\u00e8"},"content":{"rendered":"<p>La classe de 6\u00e8, dilluns, vam fer una gimcana matem\u00e0tica pel poble de Sidamon. Ens vam orientar en l\u2019espai a partir d\u2019un mapa del 1946, vam tra\u00e7ar un recorregut i vam sortir de l\u2019escola per fer-lo. En parelles, vam fer la primera parada a <strong>Ca l\u2019Agust\u00ed<\/strong> i seguidament al <strong>Forn de pa<\/strong>. Un cop a <strong>l\u2019esgl\u00e9sia<\/strong>, vam haver de construir la seva fa\u00e7ana a partir de figures geom\u00e8triques. L\u2019\u00faltima parada del recorregut va ser als <strong>Quatre Llops<\/strong> i d\u2019all\u00ed ja vam tornar a l\u2019escola.<\/p>\n<p>Ens ho vam passar molt b\u00e9 i vam aprendre a situar punts de refer\u00e8ncia (casa nostra, botigues del poble, places&#8230;) del nostre poble.<\/p>\n","protected":false},"excerpt":{"rendered":"<p>Geometria i entorn a 6\u00e8&hellip;  <a href=\"https:\/\/agora.xtec.cat\/ceip-eltimo\/general\/geometria-i-entorn-a-6e\/\" title=\"Read GEOMETRIA I ENTORN A 6\u00e8\">Llegeix m\u00e9s\u00bb<\/a><\/p>\n","protected":false},"author":1,"featured_media":10431,"comment_status":"open","ping_status":"closed","sticky":false,"template":"","format":"standard","meta":{"_bbp_topic_count":0,"_bbp_reply_count":0,"_bbp_total_topic_count":0,"_bbp_total_reply_count":0,"_bbp_voice_count":0,"_bbp_anonymous_reply_count":0,"_bbp_topic_count_hidden":0,"_bbp_reply_count_hidden":0,"_bbp_forum_subforum_count":0,"footnotes":""},"categories":[1,4],"tags":[],"class_list":["post-10435","post","type-post","status-publish","format-standard","has-post-thumbnail","hentry","category-general","category-portada"],"post_mailing_queue_ids":[],"_links":{"self":[{"href":"https:\/\/agora.xtec.cat\/ceip-eltimo\/wp-json\/wp\/v2\/posts\/10435","targetHints":{"allow":["GET"]}}],"collection":[{"href":"https:\/\/agora.xtec.cat\/ceip-eltimo\/wp-json\/wp\/v2\/posts"}],"about":[{"href":"https:\/\/agora.xtec.cat\/ceip-eltimo\/wp-json\/wp\/v2\/types\/post"}],"author":[{"embeddable":true,"href":"https:\/\/agora.xtec.cat\/ceip-eltimo\/wp-json\/wp\/v2\/users\/1"}],"replies":[{"embeddable":true,"href":"https:\/\/agora.xtec.cat\/ceip-eltimo\/wp-json\/wp\/v2\/comments?post=10435"}],"version-history":[{"count":1,"href":"https:\/\/agora.xtec.cat\/ceip-eltimo\/wp-json\/wp\/v2\/posts\/10435\/revisions"}],"predecessor-version":[{"id":10436,"href":"https:\/\/agora.xtec.cat\/ceip-eltimo\/wp-json\/wp\/v2\/posts\/10435\/revisions\/10436"}],"wp:featuredmedia":[{"embeddable":true,"href":"https:\/\/agora.xtec.cat\/ceip-eltimo\/wp-json\/wp\/v2\/media\/10431"}],"wp:attachment":[{"href":"https:\/\/agora.xtec.cat\/ceip-eltimo\/wp-json\/wp\/v2\/media?parent=10435"}],"wp:term":[{"taxonomy":"category","embeddable":true,"href":"https:\/\/agora.xtec.cat\/ceip-eltimo\/wp-json\/wp\/v2\/categories?post=10435"},{"taxonomy":"post_tag","embeddable":true,"href":"https:\/\/agora.xtec.cat\/ceip-eltimo\/wp-json\/wp\/v2\/tags?post=10435"}],"curies":[{"name":"wp","href":"https:\/\/api.w.org\/{rel}","templated":true}]}}