{"id":10364,"date":"2020-11-20T09:00:57","date_gmt":"2020-11-20T08:00:57","guid":{"rendered":"http:\/\/agora.xtec.cat\/ceip-eltimo\/?p=10364"},"modified":"2021-05-16T00:42:55","modified_gmt":"2021-05-15T22:42:55","slug":"estem-a-la-distancia-correcta","status":"publish","type":"post","link":"https:\/\/agora.xtec.cat\/ceip-eltimo\/general\/estem-a-la-distancia-correcta\/","title":{"rendered":"ESTEM A LA DIST\u00c0NCIA CORRECTA?"},"content":{"rendered":"<p>Aquest \u00e9s el nom del <strong>projecte de matem\u00e0tiques<\/strong> que han estat treballant els nens i les nenes de CM.<\/p>\n<p>Amb aquest projecte pretenem saber quina \u00e9s <strong>la dist\u00e0ncia que hem de mantenir entre nosaltres<\/strong>, tant a la fila com a l\u2019aula. Tamb\u00e9 vam calcular quan ocuparia la fila de la classe i la de tota l\u2019escola, en cas que en f\u00e9ssim una.<\/p>\n<p>Una altra activitat que vam dur a terme va ser aproximar aquesta mesura a coses que tingu\u00e9ssim a l\u2019abast per poder saber si <strong>la dist\u00e0ncia que mantenim \u00e9s realment la necess\u00e0ria<\/strong>. Voleu saber com?<\/p>\n<p>Doncs hem preparat uns cartells per posar a l\u2019escola que ho expliquen. <strong>Aqu\u00ed els teniu!!<\/strong><\/p>\n<div style=\"text-align: center;\">\n<div style=\"margin: 8px 0px 4px;\"><a href=\"https:\/\/www.calameo.com\/books\/006497073f51ec0e2fdcb\" target=\"_blank\" rel=\"noopener noreferrer\">Cartells<\/a><\/div>\n<p><iframe loading=\"lazy\" src=\"\/\/v.calameo.com\/?bkcode=006497073f51ec0e2fdcb\" width=\"300\" height=\"194\" frameborder=\"0\" data-mce-fragment=\"1\"><\/iframe><\/p>\n<div style=\"margin: 4px 0px 8px;\"><a href=\"http:\/\/www.calameo.com\/\">Publish at Calameo<\/a><\/div>\n<\/div>\n","protected":false},"excerpt":{"rendered":"<p>ESTEM A LA DIST\u00c0NCIA CORRECTA?&hellip;  <a href=\"https:\/\/agora.xtec.cat\/ceip-eltimo\/general\/estem-a-la-distancia-correcta\/\" title=\"Read ESTEM A LA DIST\u00c0NCIA CORRECTA?\">Llegeix m\u00e9s\u00bb<\/a><\/p>\n","protected":false},"author":1,"featured_media":10365,"comment_status":"open","ping_status":"closed","sticky":false,"template":"","format":"standard","meta":{"_bbp_topic_count":0,"_bbp_reply_count":0,"_bbp_total_topic_count":0,"_bbp_total_reply_count":0,"_bbp_voice_count":0,"_bbp_anonymous_reply_count":0,"_bbp_topic_count_hidden":0,"_bbp_reply_count_hidden":0,"_bbp_forum_subforum_count":0,"footnotes":""},"categories":[1,4],"tags":[],"class_list":["post-10364","post","type-post","status-publish","format-standard","has-post-thumbnail","hentry","category-general","category-portada"],"post_mailing_queue_ids":[],"_links":{"self":[{"href":"https:\/\/agora.xtec.cat\/ceip-eltimo\/wp-json\/wp\/v2\/posts\/10364","targetHints":{"allow":["GET"]}}],"collection":[{"href":"https:\/\/agora.xtec.cat\/ceip-eltimo\/wp-json\/wp\/v2\/posts"}],"about":[{"href":"https:\/\/agora.xtec.cat\/ceip-eltimo\/wp-json\/wp\/v2\/types\/post"}],"author":[{"embeddable":true,"href":"https:\/\/agora.xtec.cat\/ceip-eltimo\/wp-json\/wp\/v2\/users\/1"}],"replies":[{"embeddable":true,"href":"https:\/\/agora.xtec.cat\/ceip-eltimo\/wp-json\/wp\/v2\/comments?post=10364"}],"version-history":[{"count":1,"href":"https:\/\/agora.xtec.cat\/ceip-eltimo\/wp-json\/wp\/v2\/posts\/10364\/revisions"}],"predecessor-version":[{"id":10366,"href":"https:\/\/agora.xtec.cat\/ceip-eltimo\/wp-json\/wp\/v2\/posts\/10364\/revisions\/10366"}],"wp:featuredmedia":[{"embeddable":true,"href":"https:\/\/agora.xtec.cat\/ceip-eltimo\/wp-json\/wp\/v2\/media\/10365"}],"wp:attachment":[{"href":"https:\/\/agora.xtec.cat\/ceip-eltimo\/wp-json\/wp\/v2\/media?parent=10364"}],"wp:term":[{"taxonomy":"category","embeddable":true,"href":"https:\/\/agora.xtec.cat\/ceip-eltimo\/wp-json\/wp\/v2\/categories?post=10364"},{"taxonomy":"post_tag","embeddable":true,"href":"https:\/\/agora.xtec.cat\/ceip-eltimo\/wp-json\/wp\/v2\/tags?post=10364"}],"curies":[{"name":"wp","href":"https:\/\/api.w.org\/{rel}","templated":true}]}}