{"id":10361,"date":"2020-11-18T10:25:59","date_gmt":"2020-11-18T09:25:59","guid":{"rendered":"http:\/\/agora.xtec.cat\/ceip-eltimo\/?p=10361"},"modified":"2021-05-16T00:43:07","modified_gmt":"2021-05-15T22:43:07","slug":"ens-rentem-les-mans","status":"publish","type":"post","link":"https:\/\/agora.xtec.cat\/ceip-eltimo\/general\/ens-rentem-les-mans\/","title":{"rendered":"ENS RENTEM LES MANS??"},"content":{"rendered":"<p>Les nenes i els nens de CM hem estat treballant el projecte <strong><em>Per qu\u00e8 \u00e9s important rentar-se les mans? <\/em><\/strong><\/p>\n<p>Dins d\u2019aquest projecte hem estat treballant <strong>els virus, les bact\u00e8ries i els fongs<\/strong>. Entre altres activitats hem dut a terme un experiment per veure qu\u00e8 passava quan manipul\u00e0vem gelatina amb les mans netes i amb les mans brutes. El resultat va ser <strong>revelador<\/strong>.<\/p>\n<p>Les mans brutes <strong>estan plenes de microorganismes<\/strong> que van fent de les seves!!! Aix\u00ed que us deixem un v\u00eddeo per conscienciar-vos de la import\u00e0ncia de rentar-nos les mans.<\/p>\n<p><iframe loading=\"lazy\" src=\"\/\/www.youtube.com\/embed\/QWIztulCGaE\" width=\"560\" height=\"315\" frameborder=\"0\"><\/iframe><\/p>\n","protected":false},"excerpt":{"rendered":"<p>ENS RENTEM LES MANS?&hellip;  <a href=\"https:\/\/agora.xtec.cat\/ceip-eltimo\/general\/ens-rentem-les-mans\/\" title=\"Read ENS RENTEM LES MANS??\">Llegeix m\u00e9s\u00bb<\/a><\/p>\n","protected":false},"author":1,"featured_media":10362,"comment_status":"open","ping_status":"closed","sticky":false,"template":"","format":"standard","meta":{"_bbp_topic_count":0,"_bbp_reply_count":0,"_bbp_total_topic_count":0,"_bbp_total_reply_count":0,"_bbp_voice_count":0,"_bbp_anonymous_reply_count":0,"_bbp_topic_count_hidden":0,"_bbp_reply_count_hidden":0,"_bbp_forum_subforum_count":0,"footnotes":""},"categories":[1,4],"tags":[],"class_list":["post-10361","post","type-post","status-publish","format-standard","has-post-thumbnail","hentry","category-general","category-portada"],"post_mailing_queue_ids":[],"_links":{"self":[{"href":"https:\/\/agora.xtec.cat\/ceip-eltimo\/wp-json\/wp\/v2\/posts\/10361","targetHints":{"allow":["GET"]}}],"collection":[{"href":"https:\/\/agora.xtec.cat\/ceip-eltimo\/wp-json\/wp\/v2\/posts"}],"about":[{"href":"https:\/\/agora.xtec.cat\/ceip-eltimo\/wp-json\/wp\/v2\/types\/post"}],"author":[{"embeddable":true,"href":"https:\/\/agora.xtec.cat\/ceip-eltimo\/wp-json\/wp\/v2\/users\/1"}],"replies":[{"embeddable":true,"href":"https:\/\/agora.xtec.cat\/ceip-eltimo\/wp-json\/wp\/v2\/comments?post=10361"}],"version-history":[{"count":1,"href":"https:\/\/agora.xtec.cat\/ceip-eltimo\/wp-json\/wp\/v2\/posts\/10361\/revisions"}],"predecessor-version":[{"id":10363,"href":"https:\/\/agora.xtec.cat\/ceip-eltimo\/wp-json\/wp\/v2\/posts\/10361\/revisions\/10363"}],"wp:featuredmedia":[{"embeddable":true,"href":"https:\/\/agora.xtec.cat\/ceip-eltimo\/wp-json\/wp\/v2\/media\/10362"}],"wp:attachment":[{"href":"https:\/\/agora.xtec.cat\/ceip-eltimo\/wp-json\/wp\/v2\/media?parent=10361"}],"wp:term":[{"taxonomy":"category","embeddable":true,"href":"https:\/\/agora.xtec.cat\/ceip-eltimo\/wp-json\/wp\/v2\/categories?post=10361"},{"taxonomy":"post_tag","embeddable":true,"href":"https:\/\/agora.xtec.cat\/ceip-eltimo\/wp-json\/wp\/v2\/tags?post=10361"}],"curies":[{"name":"wp","href":"https:\/\/api.w.org\/{rel}","templated":true}]}}