{"id":10353,"date":"2020-11-19T09:00:30","date_gmt":"2020-11-19T08:00:30","guid":{"rendered":"http:\/\/agora.xtec.cat\/ceip-eltimo\/?p=10353"},"modified":"2021-05-16T00:43:01","modified_gmt":"2021-05-15T22:43:01","slug":"el-mes-mes-ortografic","status":"publish","type":"post","link":"https:\/\/agora.xtec.cat\/ceip-eltimo\/general\/el-mes-mes-ortografic\/","title":{"rendered":"EL MES M\u00c9S ORTOGR\u00c0FIC"},"content":{"rendered":"<p>Durant tot el <strong>mes de novembre<\/strong>, a l&#8217;escola treballem l&#8217;ortografia amb un programa d&#8217;innovaci\u00f3 anomenat <strong>&#8220;El mes m\u00e9s ortogr\u00e0fic&#8221;<\/strong>. Des dels m\u00e9s petits fins al m\u00e9s grans, hi dediquem <strong>30 minuts diaris<\/strong>. Els m\u00e9s petits jugant per treballar la mem\u00f2ria visual, i a partir de 1r, amb el treball directe sobre les paraules del curs que els pertoca.<\/p>\n<p>Els exercicis que es realitzaran durant aquestes sessions aniran encaminats a treballar habilitats essencials per a la millora de l\u2019ortografia: <strong>exercicis d\u2019atenci\u00f3, mem\u00f2ria visual, trucs ortogr\u00e0fics i normes ortogr\u00e0fiques<\/strong>.<\/p>\n<p>Aix\u00ed doncs, a <strong>l\u2019<u>etapa d\u2019Infantil<\/u><\/strong> l\u2019alumnat treballar\u00e0 nom\u00e9s amb les <strong>imatges<\/strong> que la mestra projectar\u00e0 a la pissarra digital. El treball que hauran de fer els alumnes consistir\u00e0 en observar atentament la imatge, recordar-la i despr\u00e9s respondre a les preguntes que formular\u00e0 la mestra.<\/p>\n<p>Les preguntes seran del tipus:<\/p>\n<ul>\n<li><strong>De quin color \u00e9s la segona lletra?<\/strong><\/li>\n<li><strong>Quin animal hi ha despr\u00e9s de l\u2019ovella?<\/strong><\/li>\n<\/ul>\n<p>Per fer aquesta tasca disposarem de 4 blocs d\u2019imatges ( <strong>dibuixos, lletres, n\u00fameros i peces de roba<\/strong>), una per cada setmana del mes.<\/p>\n<p>Pel que fa a <strong>l&#8217;educaci\u00f3 prim\u00e0ria<\/strong>, l&#8217;activitat es basa amb un treball de\u00a0<strong> lletrejar paraules<\/strong>, tant de davant al darrere com a l&#8217;inrev\u00e9s. Aix\u00ed, ens assegurem que l&#8217;alumnat sap correctament com s&#8217;escriu aquella paraula. Tamb\u00e9 tenim <strong>4 sobres<\/strong>, numerats de l&#8217;1 al 4, en els quals les paraules van viatjant del sobre 1 al 2, del 2 al 3 i del 3 al 4 cada dia que encerta la paraula, i si no l&#8217;encerta torna a baixar al sobre 1. <strong>L&#8217;objectiu \u00e9s aconseguir portar el m\u00e0xim de paraules possibles al sobre 4.<\/strong><\/p>\n<p>Aquest ja \u00e9s el <strong>4t curs<\/strong> que treballem aquest projecte!!<\/p>\n<p>&nbsp;<\/p>\n<p><iframe loading=\"lazy\" src=\"\/\/www.youtube.com\/embed\/2y8eXOmYtFs\" width=\"560\" height=\"315\" frameborder=\"0\"><\/iframe><\/p>\n","protected":false},"excerpt":{"rendered":"<p>EL MES M\u00c9S ORTOGR\u00c0FIC&hellip;  <a href=\"https:\/\/agora.xtec.cat\/ceip-eltimo\/general\/el-mes-mes-ortografic\/\" title=\"Read EL MES M\u00c9S ORTOGR\u00c0FIC\">Llegeix m\u00e9s\u00bb<\/a><\/p>\n","protected":false},"author":1,"featured_media":10359,"comment_status":"open","ping_status":"closed","sticky":false,"template":"","format":"standard","meta":{"_bbp_topic_count":0,"_bbp_reply_count":0,"_bbp_total_topic_count":0,"_bbp_total_reply_count":0,"_bbp_voice_count":0,"_bbp_anonymous_reply_count":0,"_bbp_topic_count_hidden":0,"_bbp_reply_count_hidden":0,"_bbp_forum_subforum_count":0,"footnotes":""},"categories":[1,4],"tags":[],"class_list":["post-10353","post","type-post","status-publish","format-standard","has-post-thumbnail","hentry","category-general","category-portada"],"post_mailing_queue_ids":[],"_links":{"self":[{"href":"https:\/\/agora.xtec.cat\/ceip-eltimo\/wp-json\/wp\/v2\/posts\/10353","targetHints":{"allow":["GET"]}}],"collection":[{"href":"https:\/\/agora.xtec.cat\/ceip-eltimo\/wp-json\/wp\/v2\/posts"}],"about":[{"href":"https:\/\/agora.xtec.cat\/ceip-eltimo\/wp-json\/wp\/v2\/types\/post"}],"author":[{"embeddable":true,"href":"https:\/\/agora.xtec.cat\/ceip-eltimo\/wp-json\/wp\/v2\/users\/1"}],"replies":[{"embeddable":true,"href":"https:\/\/agora.xtec.cat\/ceip-eltimo\/wp-json\/wp\/v2\/comments?post=10353"}],"version-history":[{"count":3,"href":"https:\/\/agora.xtec.cat\/ceip-eltimo\/wp-json\/wp\/v2\/posts\/10353\/revisions"}],"predecessor-version":[{"id":10360,"href":"https:\/\/agora.xtec.cat\/ceip-eltimo\/wp-json\/wp\/v2\/posts\/10353\/revisions\/10360"}],"wp:featuredmedia":[{"embeddable":true,"href":"https:\/\/agora.xtec.cat\/ceip-eltimo\/wp-json\/wp\/v2\/media\/10359"}],"wp:attachment":[{"href":"https:\/\/agora.xtec.cat\/ceip-eltimo\/wp-json\/wp\/v2\/media?parent=10353"}],"wp:term":[{"taxonomy":"category","embeddable":true,"href":"https:\/\/agora.xtec.cat\/ceip-eltimo\/wp-json\/wp\/v2\/categories?post=10353"},{"taxonomy":"post_tag","embeddable":true,"href":"https:\/\/agora.xtec.cat\/ceip-eltimo\/wp-json\/wp\/v2\/tags?post=10353"}],"curies":[{"name":"wp","href":"https:\/\/api.w.org\/{rel}","templated":true}]}}