{"id":4371,"date":"2026-03-03T08:32:08","date_gmt":"2026-03-03T07:32:08","guid":{"rendered":"https:\/\/agora.xtec.cat\/ceip-elroser\/?p=4371"},"modified":"2026-03-26T10:00:23","modified_gmt":"2026-03-26T09:00:23","slug":"podcast-veus-de-paper","status":"publish","type":"post","link":"https:\/\/agora.xtec.cat\/ceip-elroser\/general\/podcast-veus-de-paper\/","title":{"rendered":"P\u00f2dcast Veus de Paper"},"content":{"rendered":"<p data-start=\"0\" data-end=\"14\">Hola a tothom!<\/p>\n<p data-start=\"16\" data-end=\"228\">Estem molt contents de presentar-vos el nostre primer p\u00f2dcast. Ten\u00edem moltes ganes de comen\u00e7ar aquest projecte i per fi el podem compartir amb tota l\u2019escola!<\/p>\n<p data-start=\"230\" data-end=\"552\">En aquest primer programa parlem del projecte interdisciplinari que hem fet aquest trimestre sobre l\u2019Antoni Gaud\u00ed. Hem apr\u00e8s un munt de coses sobre la seva vida, les seves obres i la seva manera tan especial de veure l\u2019art i l\u2019arquitectura. Ens ha sorpr\u00e8s molt com s\u2019inspirava en la natura per crear edificis tan originals.<\/p>\n<p data-start=\"554\" data-end=\"857\">Al p\u00f2dcast presentem un conte molt especial relacionat amb el projecte. El narrador \u00e9s un dels nostres companys de classe, el Nil Espinet, que explica la hist\u00f2ria amb molt sentiment.<\/p>\n<p data-start=\"859\" data-end=\"956\" data-is-last-node=\"\" data-is-only-node=\"\">Esperem que us agradi molt aquest primer programa. Nosaltres ja estem pensant en el seg\u00fcent!<\/p>\n<p data-start=\"859\" data-end=\"956\" data-is-last-node=\"\" data-is-only-node=\"\">Adelin i Adnane<\/p>\n<p><iframe loading=\"lazy\" title=\"P\u00d2DCAST 1 EL ROSER\" width=\"500\" height=\"281\" src=\"https:\/\/www.youtube.com\/embed\/N4BGDTMiE9o?feature=oembed\" frameborder=\"0\" allow=\"accelerometer; autoplay; clipboard-write; encrypted-media; gyroscope; picture-in-picture; web-share\" referrerpolicy=\"strict-origin-when-cross-origin\" allowfullscreen><\/iframe><\/p>\n<p>&nbsp;<\/p>\n","protected":false},"excerpt":{"rendered":"<p>P\u00f2dcast Veus de Paper. Veus petites, grans hist\u00f2ries de la ZER Plaurc\u00e9n.&hellip;  <a href=\"https:\/\/agora.xtec.cat\/ceip-elroser\/general\/podcast-veus-de-paper\/\" title=\"Read P\u00f2dcast Veus de Paper\">Llegeix m\u00e9s\u00bb<\/a><\/p>\n","protected":false},"author":14,"featured_media":4385,"comment_status":"open","ping_status":"closed","sticky":false,"template":"","format":"standard","meta":{"_bbp_topic_count":0,"_bbp_reply_count":0,"_bbp_total_topic_count":0,"_bbp_total_reply_count":0,"_bbp_voice_count":0,"_bbp_anonymous_reply_count":0,"_bbp_topic_count_hidden":0,"_bbp_reply_count_hidden":0,"_bbp_forum_subforum_count":0,"footnotes":""},"categories":[1,4,5,67],"tags":[96,195,130],"class_list":["post-4371","post","type-post","status-publish","format-standard","has-post-thumbnail","hentry","category-general","category-portada","category-primaria","category-projecte","tag-cs","tag-podcast","tag-projecte"],"post_mailing_queue_ids":[],"_links":{"self":[{"href":"https:\/\/agora.xtec.cat\/ceip-elroser\/wp-json\/wp\/v2\/posts\/4371","targetHints":{"allow":["GET"]}}],"collection":[{"href":"https:\/\/agora.xtec.cat\/ceip-elroser\/wp-json\/wp\/v2\/posts"}],"about":[{"href":"https:\/\/agora.xtec.cat\/ceip-elroser\/wp-json\/wp\/v2\/types\/post"}],"author":[{"embeddable":true,"href":"https:\/\/agora.xtec.cat\/ceip-elroser\/wp-json\/wp\/v2\/users\/14"}],"replies":[{"embeddable":true,"href":"https:\/\/agora.xtec.cat\/ceip-elroser\/wp-json\/wp\/v2\/comments?post=4371"}],"version-history":[{"count":6,"href":"https:\/\/agora.xtec.cat\/ceip-elroser\/wp-json\/wp\/v2\/posts\/4371\/revisions"}],"predecessor-version":[{"id":4388,"href":"https:\/\/agora.xtec.cat\/ceip-elroser\/wp-json\/wp\/v2\/posts\/4371\/revisions\/4388"}],"wp:featuredmedia":[{"embeddable":true,"href":"https:\/\/agora.xtec.cat\/ceip-elroser\/wp-json\/wp\/v2\/media\/4385"}],"wp:attachment":[{"href":"https:\/\/agora.xtec.cat\/ceip-elroser\/wp-json\/wp\/v2\/media?parent=4371"}],"wp:term":[{"taxonomy":"category","embeddable":true,"href":"https:\/\/agora.xtec.cat\/ceip-elroser\/wp-json\/wp\/v2\/categories?post=4371"},{"taxonomy":"post_tag","embeddable":true,"href":"https:\/\/agora.xtec.cat\/ceip-elroser\/wp-json\/wp\/v2\/tags?post=4371"}],"curies":[{"name":"wp","href":"https:\/\/api.w.org\/{rel}","templated":true}]}}