{"id":3478,"date":"2024-02-05T10:20:33","date_gmt":"2024-02-05T09:20:33","guid":{"rendered":"https:\/\/agora.xtec.cat\/ceip-elroser\/?p=3478"},"modified":"2024-02-06T12:41:00","modified_gmt":"2024-02-06T11:41:00","slug":"dia-de-la-pau-a-lescola","status":"publish","type":"post","link":"https:\/\/agora.xtec.cat\/ceip-elroser\/general\/dia-de-la-pau-a-lescola\/","title":{"rendered":"Dia de la Pau a l&#8217;escola"},"content":{"rendered":"<p>Cada 30 de gener es celebra el Dia Escolar de la No-viol\u00e8ncia i la Pau (DENIP). Per recordar aquest dia tot l\u2019alumnat de l\u2019escola vam construir la paraula Pau i el seu s\u00edmbol al mig de la pla\u00e7a del poble.<\/p>\n<p><a name=\"_GoBack\"><\/a> \u201cNO HI HA CAM\u00cd PER LA PAU. LA PAU \u00c9S EL CAM\u00cd\u201d.<\/p>\n<p>M GANDHI.<a href=\"https:\/\/agora.xtec.cat\/ceip-elroser\/wp-content\/uploads\/usu1152\/2024\/02\/IMG-20240126-WA0007-1.jpg\"><img loading=\"lazy\" decoding=\"async\" class=\"aligncenter wp-image-3479\" src=\"https:\/\/agora.xtec.cat\/ceip-elroser\/wp-content\/uploads\/usu1152\/2024\/02\/IMG-20240126-WA0007-1-150x150.jpg\" alt=\"\" width=\"181\" height=\"181\" \/><\/a><\/p>\n","protected":false},"excerpt":{"rendered":"<p>Dia de la Pau a l&#8217;escola.&hellip;  <a href=\"https:\/\/agora.xtec.cat\/ceip-elroser\/general\/dia-de-la-pau-a-lescola\/\" title=\"Read Dia de la Pau a l&#8217;escola\">Llegeix m\u00e9s\u00bb<\/a><\/p>\n","protected":false},"author":1,"featured_media":3479,"comment_status":"open","ping_status":"closed","sticky":false,"template":"","format":"standard","meta":{"_bbp_topic_count":0,"_bbp_reply_count":0,"_bbp_total_topic_count":0,"_bbp_total_reply_count":0,"_bbp_voice_count":0,"_bbp_anonymous_reply_count":0,"_bbp_topic_count_hidden":0,"_bbp_reply_count_hidden":0,"_bbp_forum_subforum_count":0,"footnotes":""},"categories":[1,4],"tags":[140],"class_list":["post-3478","post","type-post","status-publish","format-standard","has-post-thumbnail","hentry","category-general","category-portada","tag-pau"],"post_mailing_queue_ids":[],"_links":{"self":[{"href":"https:\/\/agora.xtec.cat\/ceip-elroser\/wp-json\/wp\/v2\/posts\/3478","targetHints":{"allow":["GET"]}}],"collection":[{"href":"https:\/\/agora.xtec.cat\/ceip-elroser\/wp-json\/wp\/v2\/posts"}],"about":[{"href":"https:\/\/agora.xtec.cat\/ceip-elroser\/wp-json\/wp\/v2\/types\/post"}],"author":[{"embeddable":true,"href":"https:\/\/agora.xtec.cat\/ceip-elroser\/wp-json\/wp\/v2\/users\/1"}],"replies":[{"embeddable":true,"href":"https:\/\/agora.xtec.cat\/ceip-elroser\/wp-json\/wp\/v2\/comments?post=3478"}],"version-history":[{"count":1,"href":"https:\/\/agora.xtec.cat\/ceip-elroser\/wp-json\/wp\/v2\/posts\/3478\/revisions"}],"predecessor-version":[{"id":3480,"href":"https:\/\/agora.xtec.cat\/ceip-elroser\/wp-json\/wp\/v2\/posts\/3478\/revisions\/3480"}],"wp:featuredmedia":[{"embeddable":true,"href":"https:\/\/agora.xtec.cat\/ceip-elroser\/wp-json\/wp\/v2\/media\/3479"}],"wp:attachment":[{"href":"https:\/\/agora.xtec.cat\/ceip-elroser\/wp-json\/wp\/v2\/media?parent=3478"}],"wp:term":[{"taxonomy":"category","embeddable":true,"href":"https:\/\/agora.xtec.cat\/ceip-elroser\/wp-json\/wp\/v2\/categories?post=3478"},{"taxonomy":"post_tag","embeddable":true,"href":"https:\/\/agora.xtec.cat\/ceip-elroser\/wp-json\/wp\/v2\/tags?post=3478"}],"curies":[{"name":"wp","href":"https:\/\/api.w.org\/{rel}","templated":true}]}}