{"id":3259,"date":"2023-05-21T09:18:56","date_gmt":"2023-05-21T07:18:56","guid":{"rendered":"https:\/\/agora.xtec.cat\/ceip-elroser\/?p=3259"},"modified":"2023-05-21T09:18:56","modified_gmt":"2023-05-21T07:18:56","slug":"tallers-de-families","status":"publish","type":"post","link":"https:\/\/agora.xtec.cat\/ceip-elroser\/general\/tallers-de-families\/","title":{"rendered":"Tallers de fam\u00edlies"},"content":{"rendered":"<div id=\":nx\" class=\"ii gt\">\n<div id=\":nw\" class=\"a3s aiL \">Les fam\u00edlies dels infants d\u2019infantil venen a fer-nos tallers. Ens ensenyen all\u00f2 que els hi agrada, all\u00f2 que saben fer, a qu\u00e8 treballen\u2026<\/div>\n<div class=\"a3s aiL \">\n<div><\/div>\n<div>I a ells els hi encanta!<\/div>\n<div class=\"yj6qo\"><\/div>\n<div class=\"adL\">\r\n\t<div class=\"slideshow_container slideshow_container_style-light\" style=\"height: 300px; \" data-slideshow-id=\"3256\" data-style-name=\"style-light\" data-style-version=\"2.3.1\" >\r\n\r\n\t\t\t\t\t<div class=\"slideshow_loading_icon\"><\/div>\r\n\t\t\r\n\t\t<div class=\"slideshow_content\" style=\"display: none;\">\r\n\r\n\t\t\t<div class=\"slideshow_view\">\r\n\t\t\t\t<div class=\"slideshow_slide slideshow_slide_image\">\r\n\t\t\t\t\t\t\t\t\t\t\t<img src=\"https:\/\/agora.xtec.cat\/ceip-elroser\/wp-content\/uploads\/usu1152\/2023\/05\/IMG_6199.jpeg\" alt=\"IMG_6199\" width=\"480\" height=\"640\" \/>\r\n\t\t\t\t\t\t\t\t\t\t<div class=\"slideshow_description_box slideshow_transparent\">\r\n\t\t\t\t\t\t<div class=\"slideshow_title\">IMG_6199<\/div>\t\t\t\t\t\t\t\t\t\t\t<\/div>\r\n\t\t\t\t<\/div>\r\n\r\n\t\t\t\t\t\t<div style=\"clear: both;\"><\/div><\/div><div class=\"slideshow_view\">\r\n\t\t\t\t<div class=\"slideshow_slide slideshow_slide_image\">\r\n\t\t\t\t\t\t\t\t\t\t\t<img src=\"https:\/\/agora.xtec.cat\/ceip-elroser\/wp-content\/uploads\/usu1152\/2023\/05\/IMG_6197.jpeg\" alt=\"IMG_6197\" width=\"640\" height=\"480\" \/>\r\n\t\t\t\t\t\t\t\t\t\t<div class=\"slideshow_description_box slideshow_transparent\">\r\n\t\t\t\t\t\t<div class=\"slideshow_title\">IMG_6197<\/div>\t\t\t\t\t\t\t\t\t\t\t<\/div>\r\n\t\t\t\t<\/div>\r\n\r\n\t\t\t\t\t\t<div style=\"clear: both;\"><\/div><\/div>\r\n\t\t<\/div>\r\n\r\n\t\t<div class=\"slideshow_controlPanel slideshow_transparent\" style=\"display: none;\"><ul><li class=\"slideshow_togglePlay\" data-play-text=\"Visualitza\" data-pause-text=\"Pausa\"><\/li><\/ul><\/div>\r\n\r\n\t\t<div class=\"slideshow_button slideshow_previous slideshow_transparent\" role=\"button\" data-previous-text=\"Anterior\" style=\"display: none;\"><\/div>\r\n\t\t<div class=\"slideshow_button slideshow_next slideshow_transparent\" role=\"button\" data-next-text=\"Seg\u00fcent\" style=\"display: none;\"><\/div>\r\n\r\n\t\t<div class=\"slideshow_pagination\" style=\"display: none;\" data-go-to-text=\"V\u00e9s a la diapositiva\"><div class=\"slideshow_pagination_center\"><\/div><\/div>\r\n\r\n\t\t<!-- WordPress Slideshow Version 2.3.1 -->\r\n\r\n\t\t\t<\/div>\r\n\r\n<\/div>\n<\/div>\n<\/div>\n<div id=\":q5\" class=\"hq gt\"><\/div>\n","protected":false},"excerpt":{"rendered":"<p>Les fam\u00edlies dels infants d\u2019infantil venen a fer-nos tallers. Ens ensenyen all\u00f2 que els hi agrada, all\u00f2 que saben fer, a qu\u00e8 treballen\u2026<\/p>\n<p>I a ells els hi encanta!<\/p>\n<p>\t\t\t\t\t\tIMG_6199\t\t\t\t\t\t\t\t\t\t\t<\/p>\n<p>\t\t\t\t\t\tIMG_6197\t\t\t\t\t\t\t\t\t\t\t<\/p>\n<ul>\n<li class=\"slideshow_togglePlay\" data-play-text=\"Visualitza\" data-pause-text=\"Pausa\"><\/li>\n<\/ul>\n","protected":false},"author":1,"featured_media":3257,"comment_status":"open","ping_status":"closed","sticky":false,"template":"","format":"standard","meta":{"_bbp_topic_count":0,"_bbp_reply_count":0,"_bbp_total_topic_count":0,"_bbp_total_reply_count":0,"_bbp_voice_count":0,"_bbp_anonymous_reply_count":0,"_bbp_topic_count_hidden":0,"_bbp_reply_count_hidden":0,"_bbp_forum_subforum_count":0,"footnotes":""},"categories":[1,4],"tags":[102,87,81],"class_list":["post-3259","post","type-post","status-publish","format-standard","has-post-thumbnail","hentry","category-general","category-portada","tag-families","tag-infantil","tag-tallers"],"post_mailing_queue_ids":[],"_links":{"self":[{"href":"https:\/\/agora.xtec.cat\/ceip-elroser\/wp-json\/wp\/v2\/posts\/3259","targetHints":{"allow":["GET"]}}],"collection":[{"href":"https:\/\/agora.xtec.cat\/ceip-elroser\/wp-json\/wp\/v2\/posts"}],"about":[{"href":"https:\/\/agora.xtec.cat\/ceip-elroser\/wp-json\/wp\/v2\/types\/post"}],"author":[{"embeddable":true,"href":"https:\/\/agora.xtec.cat\/ceip-elroser\/wp-json\/wp\/v2\/users\/1"}],"replies":[{"embeddable":true,"href":"https:\/\/agora.xtec.cat\/ceip-elroser\/wp-json\/wp\/v2\/comments?post=3259"}],"version-history":[{"count":1,"href":"https:\/\/agora.xtec.cat\/ceip-elroser\/wp-json\/wp\/v2\/posts\/3259\/revisions"}],"predecessor-version":[{"id":3260,"href":"https:\/\/agora.xtec.cat\/ceip-elroser\/wp-json\/wp\/v2\/posts\/3259\/revisions\/3260"}],"wp:featuredmedia":[{"embeddable":true,"href":"https:\/\/agora.xtec.cat\/ceip-elroser\/wp-json\/wp\/v2\/media\/3257"}],"wp:attachment":[{"href":"https:\/\/agora.xtec.cat\/ceip-elroser\/wp-json\/wp\/v2\/media?parent=3259"}],"wp:term":[{"taxonomy":"category","embeddable":true,"href":"https:\/\/agora.xtec.cat\/ceip-elroser\/wp-json\/wp\/v2\/categories?post=3259"},{"taxonomy":"post_tag","embeddable":true,"href":"https:\/\/agora.xtec.cat\/ceip-elroser\/wp-json\/wp\/v2\/tags?post=3259"}],"curies":[{"name":"wp","href":"https:\/\/api.w.org\/{rel}","templated":true}]}}