{"id":3067,"date":"2022-06-03T11:41:11","date_gmt":"2022-06-03T09:41:11","guid":{"rendered":"https:\/\/agora.xtec.cat\/ceip-elroser\/?p=3067"},"modified":"2022-06-23T11:10:21","modified_gmt":"2022-06-23T09:10:21","slug":"danses-a-cicle-mitja","status":"publish","type":"post","link":"https:\/\/agora.xtec.cat\/ceip-elroser\/general\/danses-a-cicle-mitja\/","title":{"rendered":"Danses a cicle mitj\u00e0"},"content":{"rendered":"<p>Els alumnes de cicle mitj\u00e0 hem participat, des de l&#8217;assignatura de m\u00fasica, a una roda de danses i percussions corporals\u00a0 amb la resta d&#8217;escoles del Pla d&#8217;Urgell. S&#8217;ha fet de manera telem\u00e0tica degut a que quan es va determinar l&#8217;activitat, encara ten\u00edem restriccions pel tema covid. Nosaltres vam preparar dues danses i les vam passar a dues escoles diferents perqu\u00e8 se les aprenguessin i ens fessin el retorn, mentre que a nosaltres ens van arribar dues percussions corporals que hem apr\u00e8s i els hi hem retornat.<\/p>\n<p><iframe loading=\"lazy\" title=\"Poal\" width=\"500\" height=\"281\" src=\"https:\/\/www.youtube.com\/embed\/wh4IuAfLBco?feature=oembed\" frameborder=\"0\" allow=\"accelerometer; autoplay; clipboard-write; encrypted-media; gyroscope; picture-in-picture; web-share\" referrerpolicy=\"strict-origin-when-cross-origin\" allowfullscreen><\/iframe><\/p>\n","protected":false},"excerpt":{"rendered":"<p>Danses a CM&hellip;  <a href=\"https:\/\/agora.xtec.cat\/ceip-elroser\/general\/danses-a-cicle-mitja\/\" title=\"Read Danses a cicle mitj\u00e0\">Llegeix m\u00e9s\u00bb<\/a><\/p>\n","protected":false},"author":1,"featured_media":3068,"comment_status":"open","ping_status":"closed","sticky":false,"template":"","format":"standard","meta":{"_bbp_topic_count":0,"_bbp_reply_count":0,"_bbp_total_topic_count":0,"_bbp_total_reply_count":0,"_bbp_voice_count":0,"_bbp_anonymous_reply_count":0,"_bbp_topic_count_hidden":0,"_bbp_reply_count_hidden":0,"_bbp_forum_subforum_count":0,"footnotes":""},"categories":[1,4],"tags":[],"class_list":["post-3067","post","type-post","status-publish","format-standard","has-post-thumbnail","hentry","category-general","category-portada"],"post_mailing_queue_ids":[],"_links":{"self":[{"href":"https:\/\/agora.xtec.cat\/ceip-elroser\/wp-json\/wp\/v2\/posts\/3067","targetHints":{"allow":["GET"]}}],"collection":[{"href":"https:\/\/agora.xtec.cat\/ceip-elroser\/wp-json\/wp\/v2\/posts"}],"about":[{"href":"https:\/\/agora.xtec.cat\/ceip-elroser\/wp-json\/wp\/v2\/types\/post"}],"author":[{"embeddable":true,"href":"https:\/\/agora.xtec.cat\/ceip-elroser\/wp-json\/wp\/v2\/users\/1"}],"replies":[{"embeddable":true,"href":"https:\/\/agora.xtec.cat\/ceip-elroser\/wp-json\/wp\/v2\/comments?post=3067"}],"version-history":[{"count":1,"href":"https:\/\/agora.xtec.cat\/ceip-elroser\/wp-json\/wp\/v2\/posts\/3067\/revisions"}],"predecessor-version":[{"id":3069,"href":"https:\/\/agora.xtec.cat\/ceip-elroser\/wp-json\/wp\/v2\/posts\/3067\/revisions\/3069"}],"wp:featuredmedia":[{"embeddable":true,"href":"https:\/\/agora.xtec.cat\/ceip-elroser\/wp-json\/wp\/v2\/media\/3068"}],"wp:attachment":[{"href":"https:\/\/agora.xtec.cat\/ceip-elroser\/wp-json\/wp\/v2\/media?parent=3067"}],"wp:term":[{"taxonomy":"category","embeddable":true,"href":"https:\/\/agora.xtec.cat\/ceip-elroser\/wp-json\/wp\/v2\/categories?post=3067"},{"taxonomy":"post_tag","embeddable":true,"href":"https:\/\/agora.xtec.cat\/ceip-elroser\/wp-json\/wp\/v2\/tags?post=3067"}],"curies":[{"name":"wp","href":"https:\/\/api.w.org\/{rel}","templated":true}]}}