{"id":2916,"date":"2022-02-15T09:23:57","date_gmt":"2022-02-15T08:23:57","guid":{"rendered":"https:\/\/agora.xtec.cat\/ceip-elroser\/?p=2916"},"modified":"2022-02-21T15:15:15","modified_gmt":"2022-02-21T14:15:15","slug":"percussio-a-ci","status":"publish","type":"post","link":"https:\/\/agora.xtec.cat\/ceip-elroser\/general\/percussio-a-ci\/","title":{"rendered":"Percussi\u00f3 a CI"},"content":{"rendered":"<p>Els alumnes de CI de l&#8217;escola han treballat molt\u00edssim per dur a terme la percussi\u00f3 corporal que us mostrem a continuaci\u00f3. Hi han posat moltes ganes i entusiasme per acompanyar amb sons del nostre propi cos la can\u00e7\u00f3\u00a0 de la pel\u00b7l\u00edcula La Fam\u00edlia Adams! Bona feina nois!!<\/p>\n<p>&nbsp;<\/p>\n<p><iframe loading=\"lazy\" title=\"Percusi\u00f3 Poal\" width=\"500\" height=\"281\" src=\"https:\/\/www.youtube.com\/embed\/4QVP8OA3pBk?feature=oembed\" frameborder=\"0\" allow=\"accelerometer; autoplay; clipboard-write; encrypted-media; gyroscope; picture-in-picture; web-share\" referrerpolicy=\"strict-origin-when-cross-origin\" allowfullscreen><\/iframe><\/p>\n","protected":false},"excerpt":{"rendered":"<p>Percussi\u00f3 a CI&hellip;  <a href=\"https:\/\/agora.xtec.cat\/ceip-elroser\/general\/percussio-a-ci\/\" title=\"Read Percussi\u00f3 a CI\">Llegeix m\u00e9s\u00bb<\/a><\/p>\n","protected":false},"author":1,"featured_media":2917,"comment_status":"open","ping_status":"closed","sticky":false,"template":"","format":"standard","meta":{"_bbp_topic_count":0,"_bbp_reply_count":0,"_bbp_total_topic_count":0,"_bbp_total_reply_count":0,"_bbp_voice_count":0,"_bbp_anonymous_reply_count":0,"_bbp_topic_count_hidden":0,"_bbp_reply_count_hidden":0,"_bbp_forum_subforum_count":0,"footnotes":""},"categories":[1,4],"tags":[],"class_list":["post-2916","post","type-post","status-publish","format-standard","has-post-thumbnail","hentry","category-general","category-portada"],"post_mailing_queue_ids":[],"_links":{"self":[{"href":"https:\/\/agora.xtec.cat\/ceip-elroser\/wp-json\/wp\/v2\/posts\/2916","targetHints":{"allow":["GET"]}}],"collection":[{"href":"https:\/\/agora.xtec.cat\/ceip-elroser\/wp-json\/wp\/v2\/posts"}],"about":[{"href":"https:\/\/agora.xtec.cat\/ceip-elroser\/wp-json\/wp\/v2\/types\/post"}],"author":[{"embeddable":true,"href":"https:\/\/agora.xtec.cat\/ceip-elroser\/wp-json\/wp\/v2\/users\/1"}],"replies":[{"embeddable":true,"href":"https:\/\/agora.xtec.cat\/ceip-elroser\/wp-json\/wp\/v2\/comments?post=2916"}],"version-history":[{"count":1,"href":"https:\/\/agora.xtec.cat\/ceip-elroser\/wp-json\/wp\/v2\/posts\/2916\/revisions"}],"predecessor-version":[{"id":2918,"href":"https:\/\/agora.xtec.cat\/ceip-elroser\/wp-json\/wp\/v2\/posts\/2916\/revisions\/2918"}],"wp:featuredmedia":[{"embeddable":true,"href":"https:\/\/agora.xtec.cat\/ceip-elroser\/wp-json\/wp\/v2\/media\/2917"}],"wp:attachment":[{"href":"https:\/\/agora.xtec.cat\/ceip-elroser\/wp-json\/wp\/v2\/media?parent=2916"}],"wp:term":[{"taxonomy":"category","embeddable":true,"href":"https:\/\/agora.xtec.cat\/ceip-elroser\/wp-json\/wp\/v2\/categories?post=2916"},{"taxonomy":"post_tag","embeddable":true,"href":"https:\/\/agora.xtec.cat\/ceip-elroser\/wp-json\/wp\/v2\/tags?post=2916"}],"curies":[{"name":"wp","href":"https:\/\/api.w.org\/{rel}","templated":true}]}}