{"id":2687,"date":"2021-03-09T19:04:24","date_gmt":"2021-03-09T18:04:24","guid":{"rendered":"http:\/\/agora.xtec.cat\/ceip-elroser\/?p=2687"},"modified":"2021-03-16T20:43:40","modified_gmt":"2021-03-16T19:43:40","slug":"preinscripcio-curs-2021-2022","status":"publish","type":"post","link":"https:\/\/agora.xtec.cat\/ceip-elroser\/general\/preinscripcio-curs-2021-2022\/","title":{"rendered":"PREINSCRIPCI\u00d3 CURS 2021-2022"},"content":{"rendered":"<p>L<strong>\u2019Escola el Roser<\/strong> informa que del <strong>15 al 24 de mar\u00e7 comen\u00e7a el per\u00edode de preinscripci\u00f3<\/strong> per al proper <strong>curs 2021-2022.<\/strong><\/p>\n<p>Us demanem a tots els interessats que us poseu en contacte amb l\u2019escola, enviant un missatge al correu <strong>c5003652@xtec.cat<\/strong> o b\u00e9, trucant als tel\u00e8fons n\u00famero <strong>973 71 62 27<\/strong> i<strong> 634 77 02 96.<\/strong><\/p>\n<p>Podeu consultar informaci\u00f3 sobre l\u2019escola en aquest tr\u00edptic:<\/p>\n<p><a href=\"https:\/\/agora.xtec.cat\/ceip-elroser\/wp-content\/uploads\/usu1152\/2021\/03\/preinscripci\u00f3-poal-21-22-tr\u00edptic-1.pdf\">TR\u00cdPTIC PREINSCRIPCI\u00d3 21-22 ESCOLA EL ROSER (EL POAL)<\/a><\/p>\n<p>Tamb\u00e9 podeu consultar informaci\u00f3 sobre la sol\u00b7licitud de preinscripci\u00f3 en els seg\u00fcents documents:<\/p>\n<p><a href=\"https:\/\/agora.xtec.cat\/ceip-elroser\/wp-content\/uploads\/usu1152\/2021\/03\/fam\u00edlies-Poal-1.pdf\">INFOGRAFIA\u00a0 AMB INFORMACI\u00d3 B\u00c0SICA SOBRE COM FER LA SOL\u00b7LICITUD<\/a><\/p>\n<p><a href=\"https:\/\/agora.xtec.cat\/ceip-elroser\/wp-content\/uploads\/usu1152\/2021\/03\/tr\u00edptic-guia-preinscripcio-fam\u00edlies.pdf\">GUIA PER LA PREINSCRIPCI\u00d3 DEL DEPARTAMENT D&#8217;EDUCACI\u00d3<\/a><\/p>\n<p><a href=\"https:\/\/agora.xtec.cat\/ceip-elroser\/wp-content\/uploads\/usu1152\/2021\/03\/tr\u00edptic1.png\"><img loading=\"lazy\" decoding=\"async\" class=\"alignnone wp-image-2695\" src=\"https:\/\/agora.xtec.cat\/ceip-elroser\/wp-content\/uploads\/usu1152\/2021\/03\/tr\u00edptic1-1024x737.png\" alt=\"\" width=\"1032\" height=\"743\" srcset=\"https:\/\/agora.xtec.cat\/ceip-elroser\/wp-content\/uploads\/usu1152\/2021\/03\/tr\u00edptic1-1024x737.png 1024w, https:\/\/agora.xtec.cat\/ceip-elroser\/wp-content\/uploads\/usu1152\/2021\/03\/tr\u00edptic1-300x216.png 300w, https:\/\/agora.xtec.cat\/ceip-elroser\/wp-content\/uploads\/usu1152\/2021\/03\/tr\u00edptic1-768x553.png 768w, https:\/\/agora.xtec.cat\/ceip-elroser\/wp-content\/uploads\/usu1152\/2021\/03\/tr\u00edptic1.png 1226w\" sizes=\"auto, (max-width: 1032px) 100vw, 1032px\" \/><\/a><\/p>\n<p><a href=\"https:\/\/agora.xtec.cat\/ceip-elroser\/wp-content\/uploads\/usu1152\/2021\/03\/tr\u00edptic2.png\"><img loading=\"lazy\" decoding=\"async\" class=\"alignnone wp-image-2706\" src=\"https:\/\/agora.xtec.cat\/ceip-elroser\/wp-content\/uploads\/usu1152\/2021\/03\/tr\u00edptic2-1024x724.png\" alt=\"\" width=\"1038\" height=\"734\" srcset=\"https:\/\/agora.xtec.cat\/ceip-elroser\/wp-content\/uploads\/usu1152\/2021\/03\/tr\u00edptic2-1024x724.png 1024w, https:\/\/agora.xtec.cat\/ceip-elroser\/wp-content\/uploads\/usu1152\/2021\/03\/tr\u00edptic2-300x212.png 300w, https:\/\/agora.xtec.cat\/ceip-elroser\/wp-content\/uploads\/usu1152\/2021\/03\/tr\u00edptic2-768x543.png 768w, https:\/\/agora.xtec.cat\/ceip-elroser\/wp-content\/uploads\/usu1152\/2021\/03\/tr\u00edptic2.png 1333w\" sizes=\"auto, (max-width: 1038px) 100vw, 1038px\" \/><\/a><\/p>\n<p>&nbsp;<\/p>\n","protected":false},"excerpt":{"rendered":"<p>Informaci\u00f3 sobre la preinscripci\u00f3 del curs 2021-2022&hellip;  <a href=\"https:\/\/agora.xtec.cat\/ceip-elroser\/general\/preinscripcio-curs-2021-2022\/\" title=\"Read PREINSCRIPCI\u00d3 CURS 2021-2022\">Llegeix m\u00e9s\u00bb<\/a><\/p>\n","protected":false},"author":14,"featured_media":2710,"comment_status":"open","ping_status":"closed","sticky":false,"template":"","format":"standard","meta":{"_bbp_topic_count":0,"_bbp_reply_count":0,"_bbp_total_topic_count":0,"_bbp_total_reply_count":0,"_bbp_voice_count":0,"_bbp_anonymous_reply_count":0,"_bbp_topic_count_hidden":0,"_bbp_reply_count_hidden":0,"_bbp_forum_subforum_count":0,"footnotes":""},"categories":[1,61,65,4,5],"tags":[],"class_list":["post-2687","post","type-post","status-publish","format-standard","has-post-thumbnail","hentry","category-general","category-infantil","category-llar-dinfants","category-portada","category-primaria"],"post_mailing_queue_ids":[],"_links":{"self":[{"href":"https:\/\/agora.xtec.cat\/ceip-elroser\/wp-json\/wp\/v2\/posts\/2687","targetHints":{"allow":["GET"]}}],"collection":[{"href":"https:\/\/agora.xtec.cat\/ceip-elroser\/wp-json\/wp\/v2\/posts"}],"about":[{"href":"https:\/\/agora.xtec.cat\/ceip-elroser\/wp-json\/wp\/v2\/types\/post"}],"author":[{"embeddable":true,"href":"https:\/\/agora.xtec.cat\/ceip-elroser\/wp-json\/wp\/v2\/users\/14"}],"replies":[{"embeddable":true,"href":"https:\/\/agora.xtec.cat\/ceip-elroser\/wp-json\/wp\/v2\/comments?post=2687"}],"version-history":[{"count":3,"href":"https:\/\/agora.xtec.cat\/ceip-elroser\/wp-json\/wp\/v2\/posts\/2687\/revisions"}],"predecessor-version":[{"id":2711,"href":"https:\/\/agora.xtec.cat\/ceip-elroser\/wp-json\/wp\/v2\/posts\/2687\/revisions\/2711"}],"wp:featuredmedia":[{"embeddable":true,"href":"https:\/\/agora.xtec.cat\/ceip-elroser\/wp-json\/wp\/v2\/media\/2710"}],"wp:attachment":[{"href":"https:\/\/agora.xtec.cat\/ceip-elroser\/wp-json\/wp\/v2\/media?parent=2687"}],"wp:term":[{"taxonomy":"category","embeddable":true,"href":"https:\/\/agora.xtec.cat\/ceip-elroser\/wp-json\/wp\/v2\/categories?post=2687"},{"taxonomy":"post_tag","embeddable":true,"href":"https:\/\/agora.xtec.cat\/ceip-elroser\/wp-json\/wp\/v2\/tags?post=2687"}],"curies":[{"name":"wp","href":"https:\/\/api.w.org\/{rel}","templated":true}]}}