{"id":2673,"date":"2021-02-22T09:00:42","date_gmt":"2021-02-22T08:00:42","guid":{"rendered":"http:\/\/agora.xtec.cat\/ceip-elroser\/?p=2673"},"modified":"2021-03-09T19:05:36","modified_gmt":"2021-03-09T18:05:36","slug":"carnestoltes-2021","status":"publish","type":"post","link":"https:\/\/agora.xtec.cat\/ceip-elroser\/general\/carnestoltes-2021\/","title":{"rendered":"CARNESTOLTES 2021"},"content":{"rendered":"<p style=\"text-align: justify;\">El passat dilluns 8 de febrer el Carnestoltes va arribar a l\u2019escola El Roser. La disbauxa i l\u2019alegria ens va portar que bona falta ens fa. Per comen\u00e7ar b\u00e9 la setmana una gorra i unes ulleres perqu\u00e8 aix\u00ed ens ho mana. El dimarts els mitjons v\u00e0rem ensenyar i per fora els vam portar. L\u2019endem\u00e0 un cap ben eixerit, tot decorat i acolorit. El dijous amb les sabates canviades i tots a dur-les desaparellades. I a la fi el divendres va arribar i del rei Carnestoltes ben disfressats ens vam acomiadar!!<\/p>\n<p><iframe loading=\"lazy\" title=\"Carnestoltes 2021\" width=\"500\" height=\"375\" src=\"https:\/\/www.youtube.com\/embed\/kPyjVmH__6c?feature=oembed\" frameborder=\"0\" allow=\"accelerometer; autoplay; clipboard-write; encrypted-media; gyroscope; picture-in-picture; web-share\" referrerpolicy=\"strict-origin-when-cross-origin\" allowfullscreen><\/iframe><\/p>\n","protected":false},"excerpt":{"rendered":"<p>El Carnestoltes arriba a l&#8217;escola El Roser. &hellip;  <a href=\"https:\/\/agora.xtec.cat\/ceip-elroser\/general\/carnestoltes-2021\/\" title=\"Read CARNESTOLTES 2021\">Llegeix m\u00e9s\u00bb<\/a><\/p>\n","protected":false},"author":14,"featured_media":2683,"comment_status":"open","ping_status":"closed","sticky":false,"template":"","format":"standard","meta":{"_bbp_topic_count":0,"_bbp_reply_count":0,"_bbp_total_topic_count":0,"_bbp_total_reply_count":0,"_bbp_voice_count":0,"_bbp_anonymous_reply_count":0,"_bbp_topic_count_hidden":0,"_bbp_reply_count_hidden":0,"_bbp_forum_subforum_count":0,"footnotes":""},"categories":[59,1,4],"tags":[],"class_list":["post-2673","post","type-post","status-publish","format-standard","has-post-thumbnail","hentry","category-celebracions","category-general","category-portada"],"post_mailing_queue_ids":[],"_links":{"self":[{"href":"https:\/\/agora.xtec.cat\/ceip-elroser\/wp-json\/wp\/v2\/posts\/2673","targetHints":{"allow":["GET"]}}],"collection":[{"href":"https:\/\/agora.xtec.cat\/ceip-elroser\/wp-json\/wp\/v2\/posts"}],"about":[{"href":"https:\/\/agora.xtec.cat\/ceip-elroser\/wp-json\/wp\/v2\/types\/post"}],"author":[{"embeddable":true,"href":"https:\/\/agora.xtec.cat\/ceip-elroser\/wp-json\/wp\/v2\/users\/14"}],"replies":[{"embeddable":true,"href":"https:\/\/agora.xtec.cat\/ceip-elroser\/wp-json\/wp\/v2\/comments?post=2673"}],"version-history":[{"count":4,"href":"https:\/\/agora.xtec.cat\/ceip-elroser\/wp-json\/wp\/v2\/posts\/2673\/revisions"}],"predecessor-version":[{"id":2686,"href":"https:\/\/agora.xtec.cat\/ceip-elroser\/wp-json\/wp\/v2\/posts\/2673\/revisions\/2686"}],"wp:featuredmedia":[{"embeddable":true,"href":"https:\/\/agora.xtec.cat\/ceip-elroser\/wp-json\/wp\/v2\/media\/2683"}],"wp:attachment":[{"href":"https:\/\/agora.xtec.cat\/ceip-elroser\/wp-json\/wp\/v2\/media?parent=2673"}],"wp:term":[{"taxonomy":"category","embeddable":true,"href":"https:\/\/agora.xtec.cat\/ceip-elroser\/wp-json\/wp\/v2\/categories?post=2673"},{"taxonomy":"post_tag","embeddable":true,"href":"https:\/\/agora.xtec.cat\/ceip-elroser\/wp-json\/wp\/v2\/tags?post=2673"}],"curies":[{"name":"wp","href":"https:\/\/api.w.org\/{rel}","templated":true}]}}