{"id":2620,"date":"2020-12-21T16:43:55","date_gmt":"2020-12-21T15:43:55","guid":{"rendered":"http:\/\/agora.xtec.cat\/ceip-elroser\/?p=2620"},"modified":"2021-04-20T17:10:38","modified_gmt":"2021-04-20T15:10:38","slug":"festival-de-nadal-2020","status":"publish","type":"post","link":"https:\/\/agora.xtec.cat\/ceip-elroser\/general\/festival-de-nadal-2020\/","title":{"rendered":"FESTIVAL DE NADAL 2020"},"content":{"rendered":"<p>Aquest curs no ens hem pogut reunir al casal del poble per celebrar el tradicional festival de Nadal. Aix\u00f2 no ens ha impedit poder organitzar-lo i compartir-lo amb tots vosaltres. Us hem preparat un festival d\u2019all\u00f2 m\u00e9s variat. Hi trobareu nadales ben animades i uns <em>rockers<\/em> i <em>rapers <\/em>que ho fan d\u2019all\u00f2 m\u00e9s b\u00e9.<\/p>\n<p>Esperem que gaudiu molt de les actuacions i que pel proper Nadal ens puguem retrobar novament al casal.<\/p>\n<p>Moltes gr\u00e0cies a tots els que formeu part de la comunitat educativa pel vostre suport i col\u00b7laboraci\u00f3 en aquest curs tan especial.<\/p>\n<p><strong>US DESITGEM A TOTS I A TOTES UNES MOLT BONES I MERESCUDES FESTES!!<\/strong><\/p>\n<p><iframe loading=\"lazy\" title=\"Nadal 2020\" width=\"500\" height=\"281\" src=\"https:\/\/www.youtube.com\/embed\/afSxSFDJJlo?feature=oembed\" frameborder=\"0\" allow=\"accelerometer; autoplay; clipboard-write; encrypted-media; gyroscope; picture-in-picture; web-share\" referrerpolicy=\"strict-origin-when-cross-origin\" allowfullscreen><\/iframe><\/p>\n","protected":false},"excerpt":{"rendered":"<p>Festival de Nadal 2020&hellip;  <a href=\"https:\/\/agora.xtec.cat\/ceip-elroser\/general\/festival-de-nadal-2020\/\" title=\"Read FESTIVAL DE NADAL 2020\">Llegeix m\u00e9s\u00bb<\/a><\/p>\n","protected":false},"author":14,"featured_media":2621,"comment_status":"open","ping_status":"closed","sticky":false,"template":"","format":"standard","meta":{"_bbp_topic_count":0,"_bbp_reply_count":0,"_bbp_total_topic_count":0,"_bbp_total_reply_count":0,"_bbp_voice_count":0,"_bbp_anonymous_reply_count":0,"_bbp_topic_count_hidden":0,"_bbp_reply_count_hidden":0,"_bbp_forum_subforum_count":0,"footnotes":""},"categories":[59,1,4],"tags":[],"class_list":["post-2620","post","type-post","status-publish","format-standard","has-post-thumbnail","hentry","category-celebracions","category-general","category-portada"],"post_mailing_queue_ids":[],"_links":{"self":[{"href":"https:\/\/agora.xtec.cat\/ceip-elroser\/wp-json\/wp\/v2\/posts\/2620","targetHints":{"allow":["GET"]}}],"collection":[{"href":"https:\/\/agora.xtec.cat\/ceip-elroser\/wp-json\/wp\/v2\/posts"}],"about":[{"href":"https:\/\/agora.xtec.cat\/ceip-elroser\/wp-json\/wp\/v2\/types\/post"}],"author":[{"embeddable":true,"href":"https:\/\/agora.xtec.cat\/ceip-elroser\/wp-json\/wp\/v2\/users\/14"}],"replies":[{"embeddable":true,"href":"https:\/\/agora.xtec.cat\/ceip-elroser\/wp-json\/wp\/v2\/comments?post=2620"}],"version-history":[{"count":3,"href":"https:\/\/agora.xtec.cat\/ceip-elroser\/wp-json\/wp\/v2\/posts\/2620\/revisions"}],"predecessor-version":[{"id":2628,"href":"https:\/\/agora.xtec.cat\/ceip-elroser\/wp-json\/wp\/v2\/posts\/2620\/revisions\/2628"}],"wp:featuredmedia":[{"embeddable":true,"href":"https:\/\/agora.xtec.cat\/ceip-elroser\/wp-json\/wp\/v2\/media\/2621"}],"wp:attachment":[{"href":"https:\/\/agora.xtec.cat\/ceip-elroser\/wp-json\/wp\/v2\/media?parent=2620"}],"wp:term":[{"taxonomy":"category","embeddable":true,"href":"https:\/\/agora.xtec.cat\/ceip-elroser\/wp-json\/wp\/v2\/categories?post=2620"},{"taxonomy":"post_tag","embeddable":true,"href":"https:\/\/agora.xtec.cat\/ceip-elroser\/wp-json\/wp\/v2\/tags?post=2620"}],"curies":[{"name":"wp","href":"https:\/\/api.w.org\/{rel}","templated":true}]}}