{"id":2615,"date":"2020-12-17T13:00:16","date_gmt":"2020-12-17T12:00:16","guid":{"rendered":"http:\/\/agora.xtec.cat\/ceip-elroser\/?p=2615"},"modified":"2020-12-21T16:44:31","modified_gmt":"2020-12-21T15:44:31","slug":"canvi-de-data-de-tornada-de-les-vacances-de-nadal","status":"publish","type":"post","link":"https:\/\/agora.xtec.cat\/ceip-elroser\/general\/canvi-de-data-de-tornada-de-les-vacances-de-nadal\/","title":{"rendered":"CANVI DE DATA DE TORNADA DE LES VACANCES DE NADAL"},"content":{"rendered":"<p>Benvolgudes fam\u00edlies:<\/p>\n<p>Us fem arribar la <strong>nota del Departament d&#8217;Educaci\u00f3<\/strong>, on ens comuniquen el canvi de data de tornada de les vacances de Nadal.<\/p>\n<p><strong>\u00a0Enlloc del dia 8 de gener l&#8217;inici de les classes ser\u00e0 el dia 11.<\/strong><\/p>\n<p>&#8220;El primer trimestre est\u00e0 a punt de finalitzar i hem aconseguit, amb el vostre suport i esfor\u00e7, protegir el dret a l&#8217;educaci\u00f3 dels i de les alumnes, i que els centres educatius garanteixin les mesures necess\u00e0ries de prevenci\u00f3 i salut.<\/p>\n<p>Com ja sabeu, es preveu que l&#8217;evoluci\u00f3 de la pand\u00e8mia despr\u00e9s de les vacances de Nadal no sigui gaire afavoridora, i \u00e9s per aix\u00f2 que els departaments d&#8217;Educaci\u00f3 i Salut hem previst diverses mesures perqu\u00e8 les escoles siguin espais el m\u00e9s segurs possible. En aquest sentit, s&#8217;ha previst aplicar les mesures seg\u00fcents:<\/p>\n<ul>\n<li><strong>L&#8217;inici de curs del segon trimestre s&#8217;endarrereix fins al\u00a0dilluns 11 de gener<\/strong>, com a conseq\u00fc\u00e8ncia d&#8217;haver avaluat i tingut en compte les recomanacions sanit\u00e0ries: el Govern aprovar\u00e0 la disposici\u00f3 normativa per fer efectiva la modificaci\u00f3 del calendari escolar el proper 22 de desembre.<\/li>\n<li><strong>Es faran cribratges als i a les professionals en tornar de les festes nadalenques.&#8221;<\/strong><\/li>\n<\/ul>\n","protected":false},"excerpt":{"rendered":"<p>Inici 2n trimestre&hellip;  <a href=\"https:\/\/agora.xtec.cat\/ceip-elroser\/general\/canvi-de-data-de-tornada-de-les-vacances-de-nadal\/\" title=\"Read CANVI DE DATA DE TORNADA DE LES VACANCES DE NADAL\">Llegeix m\u00e9s\u00bb<\/a><\/p>\n","protected":false},"author":14,"featured_media":2584,"comment_status":"open","ping_status":"closed","sticky":false,"template":"","format":"standard","meta":{"_bbp_topic_count":0,"_bbp_reply_count":0,"_bbp_total_topic_count":0,"_bbp_total_reply_count":0,"_bbp_voice_count":0,"_bbp_anonymous_reply_count":0,"_bbp_topic_count_hidden":0,"_bbp_reply_count_hidden":0,"_bbp_forum_subforum_count":0,"footnotes":""},"categories":[1,4],"tags":[],"class_list":["post-2615","post","type-post","status-publish","format-standard","has-post-thumbnail","hentry","category-general","category-portada"],"post_mailing_queue_ids":[],"_links":{"self":[{"href":"https:\/\/agora.xtec.cat\/ceip-elroser\/wp-json\/wp\/v2\/posts\/2615","targetHints":{"allow":["GET"]}}],"collection":[{"href":"https:\/\/agora.xtec.cat\/ceip-elroser\/wp-json\/wp\/v2\/posts"}],"about":[{"href":"https:\/\/agora.xtec.cat\/ceip-elroser\/wp-json\/wp\/v2\/types\/post"}],"author":[{"embeddable":true,"href":"https:\/\/agora.xtec.cat\/ceip-elroser\/wp-json\/wp\/v2\/users\/14"}],"replies":[{"embeddable":true,"href":"https:\/\/agora.xtec.cat\/ceip-elroser\/wp-json\/wp\/v2\/comments?post=2615"}],"version-history":[{"count":3,"href":"https:\/\/agora.xtec.cat\/ceip-elroser\/wp-json\/wp\/v2\/posts\/2615\/revisions"}],"predecessor-version":[{"id":2618,"href":"https:\/\/agora.xtec.cat\/ceip-elroser\/wp-json\/wp\/v2\/posts\/2615\/revisions\/2618"}],"wp:featuredmedia":[{"embeddable":true,"href":"https:\/\/agora.xtec.cat\/ceip-elroser\/wp-json\/wp\/v2\/media\/2584"}],"wp:attachment":[{"href":"https:\/\/agora.xtec.cat\/ceip-elroser\/wp-json\/wp\/v2\/media?parent=2615"}],"wp:term":[{"taxonomy":"category","embeddable":true,"href":"https:\/\/agora.xtec.cat\/ceip-elroser\/wp-json\/wp\/v2\/categories?post=2615"},{"taxonomy":"post_tag","embeddable":true,"href":"https:\/\/agora.xtec.cat\/ceip-elroser\/wp-json\/wp\/v2\/tags?post=2615"}],"curies":[{"name":"wp","href":"https:\/\/api.w.org\/{rel}","templated":true}]}}