{"id":2607,"date":"2020-12-02T09:00:04","date_gmt":"2020-12-02T08:00:04","guid":{"rendered":"http:\/\/agora.xtec.cat\/ceip-elroser\/?p=2607"},"modified":"2021-04-20T17:10:43","modified_gmt":"2021-04-20T15:10:43","slug":"jornada-de-la-musica-musica-i-sentiments","status":"publish","type":"post","link":"https:\/\/agora.xtec.cat\/ceip-elroser\/general\/jornada-de-la-musica-musica-i-sentiments\/","title":{"rendered":"JORNADA DE LA M\u00daSICA: M\u00daSICA I SENTIMENTS"},"content":{"rendered":"<p>Aquest curs a l\u2019escola \u201cEl Roser\u201d hem comen\u00e7at amb m\u00e9s ganes que mai. Les circumst\u00e0ncies actuals que estem vivint ens han fet replantejar\u00a0 activitats, agrupaments\u2026 Per\u00f2 aix\u00f2 no ens ha fet perdre la il\u00b7lusi\u00f3.<\/p>\n<p>La setmana passada vam celebrar la Jornada de la M\u00fasica que aquest any hem anomenat \u201cM\u00fasica i sentiments\u201d. Aix\u00ed que el dimecres dia 25 de novembre tots els alumnes de l\u2019escola vam compartir activitats relacionades amb la m\u00fasica. La mestra Montse Sanahuja, \u00e9s una gran violoncel\u00b7lista i ens va fer gaudir d\u2019all\u00f2 m\u00e9s. Fins i tot ens va deixar tocar el seu violoncel. Tamb\u00e9 ens va explicar qui era Pau Casals i les grans proeses que va aconseguir gr\u00e0cies a la m\u00fasica.<\/p>\n<p>Vam proposar als nens i nenes de l\u2019escola diverses activitats per fer aflorar emocions a trav\u00e9s de la m\u00fasica, des de contes, visualitzaci\u00f3 de fragments de pel\u00b7l\u00edcules musicals, audicions de peces cl\u00e0ssiques&#8230; Vam aconseguir remoure sentiments i sobretot aprendre a valorar aquest art.<\/p>\n<p>Com a record d\u2019aquest dia marcat per la m\u00fasica i els sentiments vam elaborar un petit violoncel.<\/p>\n<p><iframe loading=\"lazy\" title=\"Jornada M\u00fasica 2020 2021\" width=\"500\" height=\"375\" src=\"https:\/\/www.youtube.com\/embed\/7HwHgKfyaHA?feature=oembed\" frameborder=\"0\" allow=\"accelerometer; autoplay; clipboard-write; encrypted-media; gyroscope; picture-in-picture; web-share\" referrerpolicy=\"strict-origin-when-cross-origin\" allowfullscreen><\/iframe><\/p>\n<p>&nbsp;<\/p>\n","protected":false},"excerpt":{"rendered":"<p>Celebrem la Jornada de la M\u00fasica.&hellip;  <a href=\"https:\/\/agora.xtec.cat\/ceip-elroser\/general\/jornada-de-la-musica-musica-i-sentiments\/\" title=\"Read JORNADA DE LA M\u00daSICA: M\u00daSICA I SENTIMENTS\">Llegeix m\u00e9s\u00bb<\/a><\/p>\n","protected":false},"author":14,"featured_media":2611,"comment_status":"open","ping_status":"closed","sticky":false,"template":"","format":"standard","meta":{"_bbp_topic_count":0,"_bbp_reply_count":0,"_bbp_total_topic_count":0,"_bbp_total_reply_count":0,"_bbp_voice_count":0,"_bbp_anonymous_reply_count":0,"_bbp_topic_count_hidden":0,"_bbp_reply_count_hidden":0,"_bbp_forum_subforum_count":0,"footnotes":""},"categories":[59,1,66,4],"tags":[],"class_list":["post-2607","post","type-post","status-publish","format-standard","has-post-thumbnail","hentry","category-celebracions","category-general","category-musica","category-portada"],"post_mailing_queue_ids":[],"_links":{"self":[{"href":"https:\/\/agora.xtec.cat\/ceip-elroser\/wp-json\/wp\/v2\/posts\/2607","targetHints":{"allow":["GET"]}}],"collection":[{"href":"https:\/\/agora.xtec.cat\/ceip-elroser\/wp-json\/wp\/v2\/posts"}],"about":[{"href":"https:\/\/agora.xtec.cat\/ceip-elroser\/wp-json\/wp\/v2\/types\/post"}],"author":[{"embeddable":true,"href":"https:\/\/agora.xtec.cat\/ceip-elroser\/wp-json\/wp\/v2\/users\/14"}],"replies":[{"embeddable":true,"href":"https:\/\/agora.xtec.cat\/ceip-elroser\/wp-json\/wp\/v2\/comments?post=2607"}],"version-history":[{"count":3,"href":"https:\/\/agora.xtec.cat\/ceip-elroser\/wp-json\/wp\/v2\/posts\/2607\/revisions"}],"predecessor-version":[{"id":2614,"href":"https:\/\/agora.xtec.cat\/ceip-elroser\/wp-json\/wp\/v2\/posts\/2607\/revisions\/2614"}],"wp:featuredmedia":[{"embeddable":true,"href":"https:\/\/agora.xtec.cat\/ceip-elroser\/wp-json\/wp\/v2\/media\/2611"}],"wp:attachment":[{"href":"https:\/\/agora.xtec.cat\/ceip-elroser\/wp-json\/wp\/v2\/media?parent=2607"}],"wp:term":[{"taxonomy":"category","embeddable":true,"href":"https:\/\/agora.xtec.cat\/ceip-elroser\/wp-json\/wp\/v2\/categories?post=2607"},{"taxonomy":"post_tag","embeddable":true,"href":"https:\/\/agora.xtec.cat\/ceip-elroser\/wp-json\/wp\/v2\/tags?post=2607"}],"curies":[{"name":"wp","href":"https:\/\/api.w.org\/{rel}","templated":true}]}}