{"id":2582,"date":"2020-11-17T18:39:17","date_gmt":"2020-11-17T17:39:17","guid":{"rendered":"http:\/\/agora.xtec.cat\/ceip-elroser\/?p=2582"},"modified":"2020-11-22T13:18:35","modified_gmt":"2020-11-22T12:18:35","slug":"atencio-canvi-de-data-dun-dels-dies-de-lliure-disposicio","status":"publish","type":"post","link":"https:\/\/agora.xtec.cat\/ceip-elroser\/general\/atencio-canvi-de-data-dun-dels-dies-de-lliure-disposicio\/","title":{"rendered":"ATENCI\u00d3! CANVI DE DATA D&#8217;UN DELS DIES DE LLIURE DISPOSICI\u00d3"},"content":{"rendered":"<div>Us informem que a <strong>inst\u00e0ncies del Departament d&#8217;Educaci\u00f3<\/strong> i segons l&#8217;Ordre de calendari per aquest curs, farem un canvi de data d&#8217;un dels dies de lliure disposici\u00f3.<\/div>\n<div>El dia <strong>6 d&#8217;abril<\/strong> que era festiu, no ho ser\u00e0, i el canviarem pel <strong>dia 22 de mar\u00e7 que passar\u00e0 a ser festiu<\/strong>.<\/div>\n<div><\/div>\n<div>Disculpeu les mol\u00e8sties que us pugui ocasionar.<\/div>\n","protected":false},"excerpt":{"rendered":"<p>Canvi d&#8217;un dia de lliure disposici\u00f3.&hellip;  <a href=\"https:\/\/agora.xtec.cat\/ceip-elroser\/general\/atencio-canvi-de-data-dun-dels-dies-de-lliure-disposicio\/\" title=\"Read ATENCI\u00d3! CANVI DE DATA D&#8217;UN DELS DIES DE LLIURE DISPOSICI\u00d3\">Llegeix m\u00e9s\u00bb<\/a><\/p>\n","protected":false},"author":14,"featured_media":2584,"comment_status":"open","ping_status":"closed","sticky":false,"template":"","format":"standard","meta":{"_bbp_topic_count":0,"_bbp_reply_count":0,"_bbp_total_topic_count":0,"_bbp_total_reply_count":0,"_bbp_voice_count":0,"_bbp_anonymous_reply_count":0,"_bbp_topic_count_hidden":0,"_bbp_reply_count_hidden":0,"_bbp_forum_subforum_count":0,"footnotes":""},"categories":[1,4],"tags":[],"class_list":["post-2582","post","type-post","status-publish","format-standard","has-post-thumbnail","hentry","category-general","category-portada"],"post_mailing_queue_ids":[],"_links":{"self":[{"href":"https:\/\/agora.xtec.cat\/ceip-elroser\/wp-json\/wp\/v2\/posts\/2582","targetHints":{"allow":["GET"]}}],"collection":[{"href":"https:\/\/agora.xtec.cat\/ceip-elroser\/wp-json\/wp\/v2\/posts"}],"about":[{"href":"https:\/\/agora.xtec.cat\/ceip-elroser\/wp-json\/wp\/v2\/types\/post"}],"author":[{"embeddable":true,"href":"https:\/\/agora.xtec.cat\/ceip-elroser\/wp-json\/wp\/v2\/users\/14"}],"replies":[{"embeddable":true,"href":"https:\/\/agora.xtec.cat\/ceip-elroser\/wp-json\/wp\/v2\/comments?post=2582"}],"version-history":[{"count":2,"href":"https:\/\/agora.xtec.cat\/ceip-elroser\/wp-json\/wp\/v2\/posts\/2582\/revisions"}],"predecessor-version":[{"id":2585,"href":"https:\/\/agora.xtec.cat\/ceip-elroser\/wp-json\/wp\/v2\/posts\/2582\/revisions\/2585"}],"wp:featuredmedia":[{"embeddable":true,"href":"https:\/\/agora.xtec.cat\/ceip-elroser\/wp-json\/wp\/v2\/media\/2584"}],"wp:attachment":[{"href":"https:\/\/agora.xtec.cat\/ceip-elroser\/wp-json\/wp\/v2\/media?parent=2582"}],"wp:term":[{"taxonomy":"category","embeddable":true,"href":"https:\/\/agora.xtec.cat\/ceip-elroser\/wp-json\/wp\/v2\/categories?post=2582"},{"taxonomy":"post_tag","embeddable":true,"href":"https:\/\/agora.xtec.cat\/ceip-elroser\/wp-json\/wp\/v2\/tags?post=2582"}],"curies":[{"name":"wp","href":"https:\/\/api.w.org\/{rel}","templated":true}]}}