{"id":8726,"date":"2025-10-12T15:17:50","date_gmt":"2025-10-12T13:17:50","guid":{"rendered":"https:\/\/agora.xtec.cat\/ceip-eldrac\/?p=8726"},"modified":"2025-10-12T15:17:50","modified_gmt":"2025-10-12T13:17:50","slug":"visitem-el-vinseum","status":"publish","type":"post","link":"https:\/\/agora.xtec.cat\/ceip-eldrac\/portada\/visitem-el-vinseum\/","title":{"rendered":"Visitem el Vinseum"},"content":{"rendered":"<p>&nbsp;<\/p>\n<p style=\"text-align: center\"><span style=\"font-size: 24pt;color: #000000\"><strong>Visitem el Vinseum<\/strong><\/span><\/p>\n<p><a href=\"https:\/\/agora.xtec.cat\/ceip-eldrac\/wp-content\/uploads\/usu2075\/2025\/10\/DSCN0270-1.jpg\"><img loading=\"lazy\" decoding=\"async\" class=\"size-large wp-image-8731 aligncenter\" src=\"https:\/\/agora.xtec.cat\/ceip-eldrac\/wp-content\/uploads\/usu2075\/2025\/10\/DSCN0270-1-1024x768.jpg\" alt=\"\" width=\"1024\" height=\"768\" srcset=\"https:\/\/agora.xtec.cat\/ceip-eldrac\/wp-content\/uploads\/usu2075\/2025\/10\/DSCN0270-1-1024x768.jpg 1024w, https:\/\/agora.xtec.cat\/ceip-eldrac\/wp-content\/uploads\/usu2075\/2025\/10\/DSCN0270-1-300x225.jpg 300w, https:\/\/agora.xtec.cat\/ceip-eldrac\/wp-content\/uploads\/usu2075\/2025\/10\/DSCN0270-1-768x576.jpg 768w, https:\/\/agora.xtec.cat\/ceip-eldrac\/wp-content\/uploads\/usu2075\/2025\/10\/DSCN0270-1-1536x1152.jpg 1536w, https:\/\/agora.xtec.cat\/ceip-eldrac\/wp-content\/uploads\/usu2075\/2025\/10\/DSCN0270-1-200x150.jpg 200w, https:\/\/agora.xtec.cat\/ceip-eldrac\/wp-content\/uploads\/usu2075\/2025\/10\/DSCN0270-1.jpg 1575w\" sizes=\"auto, (max-width: 1024px) 100vw, 1024px\" \/><\/a><a href=\"https:\/\/agora.xtec.cat\/ceip-eldrac\/wp-content\/uploads\/usu2075\/2025\/10\/DSCN0283.jpg\"><img loading=\"lazy\" decoding=\"async\" class=\"size-large wp-image-8729 aligncenter\" src=\"https:\/\/agora.xtec.cat\/ceip-eldrac\/wp-content\/uploads\/usu2075\/2025\/10\/DSCN0283-1024x768.jpg\" alt=\"\" width=\"1024\" height=\"768\" srcset=\"https:\/\/agora.xtec.cat\/ceip-eldrac\/wp-content\/uploads\/usu2075\/2025\/10\/DSCN0283-1024x768.jpg 1024w, https:\/\/agora.xtec.cat\/ceip-eldrac\/wp-content\/uploads\/usu2075\/2025\/10\/DSCN0283-300x225.jpg 300w, https:\/\/agora.xtec.cat\/ceip-eldrac\/wp-content\/uploads\/usu2075\/2025\/10\/DSCN0283-768x576.jpg 768w, https:\/\/agora.xtec.cat\/ceip-eldrac\/wp-content\/uploads\/usu2075\/2025\/10\/DSCN0283-1536x1152.jpg 1536w, https:\/\/agora.xtec.cat\/ceip-eldrac\/wp-content\/uploads\/usu2075\/2025\/10\/DSCN0283-200x150.jpg 200w, https:\/\/agora.xtec.cat\/ceip-eldrac\/wp-content\/uploads\/usu2075\/2025\/10\/DSCN0283.jpg 1575w\" sizes=\"auto, (max-width: 1024px) 100vw, 1024px\" \/><\/a><\/p>\n<p>&nbsp;<\/p>\n<p style=\"text-align: center\">El passat 2 d&#8217;octubre l&#8217;alumnat de 4t i 5\u00e8 vam fer l&#8217;activitat &#8220;L&#8217;habitaci\u00f3 del darrere&#8221; al Vinseum de Vilafranca. A trav\u00e9s d&#8217;alguns objectes antics i d&#8217;una activitat immersiva vam poder descobrir aspectes de la vida de les persones que vivien el segle passat en el nostre entorn.<\/p>\n<p>&nbsp;<\/p>\n<p><a href=\"https:\/\/agora.xtec.cat\/ceip-eldrac\/wp-content\/uploads\/usu2075\/2025\/10\/DSCN0288.jpg\"><img loading=\"lazy\" decoding=\"async\" class=\"size-large wp-image-8730 aligncenter\" src=\"https:\/\/agora.xtec.cat\/ceip-eldrac\/wp-content\/uploads\/usu2075\/2025\/10\/DSCN0288-1024x768.jpg\" alt=\"\" width=\"1024\" height=\"768\" srcset=\"https:\/\/agora.xtec.cat\/ceip-eldrac\/wp-content\/uploads\/usu2075\/2025\/10\/DSCN0288-1024x768.jpg 1024w, https:\/\/agora.xtec.cat\/ceip-eldrac\/wp-content\/uploads\/usu2075\/2025\/10\/DSCN0288-300x225.jpg 300w, https:\/\/agora.xtec.cat\/ceip-eldrac\/wp-content\/uploads\/usu2075\/2025\/10\/DSCN0288-768x576.jpg 768w, https:\/\/agora.xtec.cat\/ceip-eldrac\/wp-content\/uploads\/usu2075\/2025\/10\/DSCN0288-1536x1152.jpg 1536w, https:\/\/agora.xtec.cat\/ceip-eldrac\/wp-content\/uploads\/usu2075\/2025\/10\/DSCN0288-200x150.jpg 200w, https:\/\/agora.xtec.cat\/ceip-eldrac\/wp-content\/uploads\/usu2075\/2025\/10\/DSCN0288.jpg 1575w\" sizes=\"auto, (max-width: 1024px) 100vw, 1024px\" \/><\/a><\/p>\n<p>&nbsp;<\/p>\n<p style=\"text-align: center\"><strong><span style=\"font-size: 24pt\">I tamb\u00e9 la biblioteca Torres i Bages<\/span><\/strong><\/p>\n<p style=\"text-align: center\">Per acabar d&#8217;aprofitar b\u00e9 el dia, vam visitar la biblioteca Torres i Bages on ens tenien preparada una selecci\u00f3 de llibres i una explicaci\u00f3 sobre com podem trobar \u00e0gilment els llibres que busquem. Tamb\u00e9 ens van donar una molt bona not\u00edcia: Vilafranca aviat tindr\u00e0 una segona biblioteca. Per acabar, ens van animar a participar en l&#8217;activitat: &#8220;Puja al tren&#8221; que comen\u00e7ar\u00e0 la seg\u00fcent edici\u00f3<a href=\"https:\/\/agora.xtec.cat\/ceip-eldrac\/wp-content\/uploads\/usu2075\/2025\/10\/puja-al-tren.png\"><img loading=\"lazy\" decoding=\"async\" class=\"alignright size-full wp-image-8732\" src=\"https:\/\/agora.xtec.cat\/ceip-eldrac\/wp-content\/uploads\/usu2075\/2025\/10\/puja-al-tren.png\" alt=\"\" width=\"139\" height=\"200\" \/><\/a> a principis de l&#8217;any vinent. Si t&#8217;agrada llegir&#8230; no te la perdis!<\/p>\n","protected":false},"excerpt":{"rendered":"<p>&nbsp;<br \/>\nVisitem el Vinseum<br \/>\n<a href=\"https:\/\/agora.xtec.cat\/ceip-eldrac\/wp-content\/uploads\/usu2075\/2025\/10\/DSCN0270-1.jpg\"><\/a><a href=\"https:\/\/agora.xtec.cat\/ceip-eldrac\/wp-content\/uploads\/usu2075\/2025\/10\/DSCN0283.jpg\"><\/a><br \/>\n&nbsp;<br \/>\nEl passat 2 d&#8217;octubre l&#8217;alumnat de 4t i 5\u00e8 vam fer l&#8217;activitat &#8220;L&#8217;habitaci\u00f3 del darrere&#8221; al Vinseum de Vilafranca. A trav\u00e9s d&#8217;alguns objectes antics i d&#8217;una activitat immersiva vam poder descobrir aspectes de la vida de les persones que vivien el&hellip;  <a href=\"https:\/\/agora.xtec.cat\/ceip-eldrac\/portada\/visitem-el-vinseum\/\" title=\"Read Visitem el Vinseum\">Llegeix m\u00e9s\u00bb<\/a><\/p>\n","protected":false},"author":9,"featured_media":8728,"comment_status":"closed","ping_status":"closed","sticky":false,"template":"","format":"standard","meta":{"_bbp_topic_count":0,"_bbp_reply_count":0,"_bbp_total_topic_count":0,"_bbp_total_reply_count":0,"_bbp_voice_count":0,"_bbp_anonymous_reply_count":0,"_bbp_topic_count_hidden":0,"_bbp_reply_count_hidden":0,"_bbp_forum_subforum_count":0,"footnotes":""},"categories":[1],"tags":[99,105],"class_list":["post-8726","post","type-post","status-publish","format-standard","has-post-thumbnail","hentry","category-portada","tag-cicle-mitja","tag-cicle-superior"],"post_mailing_queue_ids":[],"_links":{"self":[{"href":"https:\/\/agora.xtec.cat\/ceip-eldrac\/wp-json\/wp\/v2\/posts\/8726","targetHints":{"allow":["GET"]}}],"collection":[{"href":"https:\/\/agora.xtec.cat\/ceip-eldrac\/wp-json\/wp\/v2\/posts"}],"about":[{"href":"https:\/\/agora.xtec.cat\/ceip-eldrac\/wp-json\/wp\/v2\/types\/post"}],"author":[{"embeddable":true,"href":"https:\/\/agora.xtec.cat\/ceip-eldrac\/wp-json\/wp\/v2\/users\/9"}],"replies":[{"embeddable":true,"href":"https:\/\/agora.xtec.cat\/ceip-eldrac\/wp-json\/wp\/v2\/comments?post=8726"}],"version-history":[{"count":5,"href":"https:\/\/agora.xtec.cat\/ceip-eldrac\/wp-json\/wp\/v2\/posts\/8726\/revisions"}],"predecessor-version":[{"id":8737,"href":"https:\/\/agora.xtec.cat\/ceip-eldrac\/wp-json\/wp\/v2\/posts\/8726\/revisions\/8737"}],"wp:featuredmedia":[{"embeddable":true,"href":"https:\/\/agora.xtec.cat\/ceip-eldrac\/wp-json\/wp\/v2\/media\/8728"}],"wp:attachment":[{"href":"https:\/\/agora.xtec.cat\/ceip-eldrac\/wp-json\/wp\/v2\/media?parent=8726"}],"wp:term":[{"taxonomy":"category","embeddable":true,"href":"https:\/\/agora.xtec.cat\/ceip-eldrac\/wp-json\/wp\/v2\/categories?post=8726"},{"taxonomy":"post_tag","embeddable":true,"href":"https:\/\/agora.xtec.cat\/ceip-eldrac\/wp-json\/wp\/v2\/tags?post=8726"}],"curies":[{"name":"wp","href":"https:\/\/api.w.org\/{rel}","templated":true}]}}