{"id":7728,"date":"2023-02-21T16:20:41","date_gmt":"2023-02-21T15:20:41","guid":{"rendered":"https:\/\/agora.xtec.cat\/ceip-eldrac\/?p=7728"},"modified":"2023-02-21T17:24:06","modified_gmt":"2023-02-21T16:24:06","slug":"sortida-a-lauditori-i-a-lorgue","status":"publish","type":"post","link":"https:\/\/agora.xtec.cat\/ceip-eldrac\/portada\/sortida-a-lauditori-i-a-lorgue\/","title":{"rendered":"SORTIDA A L&#8217;AUDITORI I A L&#8217;ORGUE"},"content":{"rendered":"<p align=\"left\"><span style=\"font-family: Liberation Serif, serif;\"><span style=\"font-size: medium;\"><a href=\"https:\/\/agora.xtec.cat\/ceip-eldrac\/wp-content\/uploads\/usu2075\/2023\/02\/2023-02-08-exc-VFC-15.jpg\"><img loading=\"lazy\" decoding=\"async\" class=\"alignnone size-full wp-image-7736\" src=\"https:\/\/agora.xtec.cat\/ceip-eldrac\/wp-content\/uploads\/usu2075\/2023\/02\/2023-02-08-exc-VFC-15.jpg\" alt=\"\" width=\"1024\" height=\"575\" srcset=\"https:\/\/agora.xtec.cat\/ceip-eldrac\/wp-content\/uploads\/usu2075\/2023\/02\/2023-02-08-exc-VFC-15.jpg 1024w, https:\/\/agora.xtec.cat\/ceip-eldrac\/wp-content\/uploads\/usu2075\/2023\/02\/2023-02-08-exc-VFC-15-300x168.jpg 300w, https:\/\/agora.xtec.cat\/ceip-eldrac\/wp-content\/uploads\/usu2075\/2023\/02\/2023-02-08-exc-VFC-15-768x431.jpg 768w\" sizes=\"auto, (max-width: 1024px) 100vw, 1024px\" \/><\/a><\/span><\/span><\/p>\n<p align=\"left\"><span style=\"font-family: Liberation Serif, serif;\"><span style=\"font-size: medium;\">El dia 8 de febrer, l&#8217;alumnat de cicle superior van fer una excursi\u00f3 per Vilafranca. Van anar caminant des de l\u2019escola fins l\u2019auditori de Vilafranca, on van anar a veure una obra relacionada amb el William Shakespeare.<\/span><\/span><\/p>\n<p align=\"left\"><span style=\"font-family: Liberation Serif, serif;\"><span style=\"font-size: medium;\">L\u2019obra va durar aproximadament 1 hora. L\u2019espectacle anava de tres pallassos que esperaven al William per fer una obra, per\u00f2 no apareixia. Fins que al final es van adonar que no apareixeria mai perqu\u00e8 estava mort. Va ser una obra graciosa i trista a la vegada.<\/span><\/span><\/p>\n<p align=\"left\"><span style=\"font-family: Liberation Serif, serif;\"><span style=\"font-size: medium;\">Despr\u00e9s van anar a esmorzar al parc de Sant Juli\u00e0 i es van quedar jugant una estoneta. Al cap d\u2019una estona van anar a visitar un orgue d&#8217;esgl\u00e9sia. L\u2019esgl\u00e9sia es diu l\u2019esgl\u00e9sia de la Trinitat. All\u00e0 ens esperava la Maria, mestra d\u2019infantil i de m\u00fasica. Van pujar a veure l\u2019orgue,\u00a0 la Maria els va ensenyar com funcionava. El van tocar una estona, i despr\u00e9s la Maria va tocar una can\u00e7\u00f3 amb l\u2019orgue. Va ser una experi\u00e8ncia inoblidable i privilegiada.<\/span><\/span><\/p>\n<p align=\"left\"><span style=\"font-family: Liberation Serif, serif; font-size: medium;\">Per finalitzar l\u2019excursi\u00f3 van anar a dinar al casal 2000. Van dinar i van estar jugant una bona estona, i van tornar caminant. Va ser una excursi\u00f3 molt xula.<\/span><\/p>\n","protected":false},"excerpt":{"rendered":"<p><a href=\"https:\/\/agora.xtec.cat\/ceip-eldrac\/wp-content\/uploads\/usu2075\/2023\/02\/2023-02-08-exc-VFC-15.jpg\"><\/a><br \/>\nEl dia 8 de febrer, l&#8217;alumnat de cicle superior van fer una excursi\u00f3 per Vilafranca. Van anar caminant des de l\u2019escola fins l\u2019auditori de Vilafranca, on van anar a veure una obra relacionada amb el William Shakespeare.<br \/>\nL\u2019obra va durar aproximadament 1 hora. L\u2019espectacle anava&hellip;  <a href=\"https:\/\/agora.xtec.cat\/ceip-eldrac\/portada\/sortida-a-lauditori-i-a-lorgue\/\" title=\"Read SORTIDA A L&#8217;AUDITORI I A L&#8217;ORGUE\">Llegeix m\u00e9s\u00bb<\/a><\/p>\n","protected":false},"author":23,"featured_media":7735,"comment_status":"closed","ping_status":"closed","sticky":false,"template":"","format":"standard","meta":{"_bbp_topic_count":0,"_bbp_reply_count":0,"_bbp_total_topic_count":0,"_bbp_total_reply_count":0,"_bbp_voice_count":0,"_bbp_anonymous_reply_count":0,"_bbp_topic_count_hidden":0,"_bbp_reply_count_hidden":0,"_bbp_forum_subforum_count":0,"footnotes":""},"categories":[74,1],"tags":[105,95,87],"class_list":["post-7728","post","type-post","status-publish","format-standard","has-post-thumbnail","hentry","category-grup-superior","category-portada","tag-cicle-superior","tag-musica","tag-sortides"],"post_mailing_queue_ids":[],"_links":{"self":[{"href":"https:\/\/agora.xtec.cat\/ceip-eldrac\/wp-json\/wp\/v2\/posts\/7728","targetHints":{"allow":["GET"]}}],"collection":[{"href":"https:\/\/agora.xtec.cat\/ceip-eldrac\/wp-json\/wp\/v2\/posts"}],"about":[{"href":"https:\/\/agora.xtec.cat\/ceip-eldrac\/wp-json\/wp\/v2\/types\/post"}],"author":[{"embeddable":true,"href":"https:\/\/agora.xtec.cat\/ceip-eldrac\/wp-json\/wp\/v2\/users\/23"}],"replies":[{"embeddable":true,"href":"https:\/\/agora.xtec.cat\/ceip-eldrac\/wp-json\/wp\/v2\/comments?post=7728"}],"version-history":[{"count":3,"href":"https:\/\/agora.xtec.cat\/ceip-eldrac\/wp-json\/wp\/v2\/posts\/7728\/revisions"}],"predecessor-version":[{"id":7751,"href":"https:\/\/agora.xtec.cat\/ceip-eldrac\/wp-json\/wp\/v2\/posts\/7728\/revisions\/7751"}],"wp:featuredmedia":[{"embeddable":true,"href":"https:\/\/agora.xtec.cat\/ceip-eldrac\/wp-json\/wp\/v2\/media\/7735"}],"wp:attachment":[{"href":"https:\/\/agora.xtec.cat\/ceip-eldrac\/wp-json\/wp\/v2\/media?parent=7728"}],"wp:term":[{"taxonomy":"category","embeddable":true,"href":"https:\/\/agora.xtec.cat\/ceip-eldrac\/wp-json\/wp\/v2\/categories?post=7728"},{"taxonomy":"post_tag","embeddable":true,"href":"https:\/\/agora.xtec.cat\/ceip-eldrac\/wp-json\/wp\/v2\/tags?post=7728"}],"curies":[{"name":"wp","href":"https:\/\/api.w.org\/{rel}","templated":true}]}}