{"id":7140,"date":"2023-03-22T13:30:57","date_gmt":"2023-03-22T12:30:57","guid":{"rendered":"https:\/\/agora.xtec.cat\/ceip-eladihoms-valls\/?p=7140"},"modified":"2023-04-10T10:55:52","modified_gmt":"2023-04-10T08:55:52","slug":"les-granotes-amb-lalcaldessa","status":"publish","type":"post","link":"https:\/\/agora.xtec.cat\/ceip-eladihoms-valls\/portada\/les-granotes-amb-lalcaldessa\/","title":{"rendered":"Les Granotes amb l&#8217;alcaldessa"},"content":{"rendered":"<p><span style=\"color: #000000;\">A les nenes i els nens de la classe de les Granotes els agrada molt sortir de l\u2019escola per con\u00e8ixer la ciutat. Ahir van anar a l\u2019Ajuntament on l\u2019alcaldessa Dolors Farr\u00e9 els va rebre al Sal\u00f3 de Plens. All\u00e0 asseguts a les cadires dels regidors van recitar uns rodolins ben bonics per celebrar el dia mundial de la poesia. Aviat els convertiran en una auca amb dibuixos per regalar-li. Tamb\u00e9 li van fer algunes preguntes que l\u2019alcaldessa va respondre una a una. Abans de marxar ella els va llegir la poesia &#8220;La primavera&#8221; del Costumari de Joan Amades i els va obsequiar amb un got de la Festa Major de Sant Joan per a cadasc\u00fa. Va ser molt emocionant!<\/span><\/p>\n<p><a href=\"https:\/\/agora.xtec.cat\/ceip-eladihoms-valls\/wp-content\/uploads\/usu1067\/2023\/04\/Granotes-Ajuntament.jpg\"><img loading=\"lazy\" decoding=\"async\" class=\"size-full wp-image-7141 alignleft\" src=\"https:\/\/agora.xtec.cat\/ceip-eladihoms-valls\/wp-content\/uploads\/usu1067\/2023\/04\/Granotes-Ajuntament.jpg\" alt=\"\" width=\"720\" height=\"960\" srcset=\"https:\/\/agora.xtec.cat\/ceip-eladihoms-valls\/wp-content\/uploads\/usu1067\/2023\/04\/Granotes-Ajuntament.jpg 720w, https:\/\/agora.xtec.cat\/ceip-eladihoms-valls\/wp-content\/uploads\/usu1067\/2023\/04\/Granotes-Ajuntament-225x300.jpg 225w\" sizes=\"auto, (max-width: 720px) 100vw, 720px\" \/><\/a><\/p>\n","protected":false},"excerpt":{"rendered":"<p>A les nenes i els nens de la classe de les Granotes els agrada molt sortir de l\u2019escola per con\u00e8ixer la ciutat. Ahir van anar a l\u2019Ajuntament on l\u2019alcaldessa Dolors Farr\u00e9 els va rebre al Sal\u00f3 de Plens. All\u00e0 asseguts a les cadires dels regidors van recitar uns rodolins ben bonics per celebrar el dia [&hellip;]<\/p>\n","protected":false},"author":1,"featured_media":0,"comment_status":"open","ping_status":"closed","sticky":false,"template":"","format":"standard","meta":{"_bbp_topic_count":0,"_bbp_reply_count":0,"_bbp_total_topic_count":0,"_bbp_total_reply_count":0,"_bbp_voice_count":0,"_bbp_anonymous_reply_count":0,"_bbp_topic_count_hidden":0,"_bbp_reply_count_hidden":0,"_bbp_forum_subforum_count":0,"site-sidebar-layout":"default","site-content-layout":"","ast-site-content-layout":"","site-content-style":"default","site-sidebar-style":"default","ast-global-header-display":"","ast-banner-title-visibility":"","ast-main-header-display":"","ast-hfb-above-header-display":"","ast-hfb-below-header-display":"","ast-hfb-mobile-header-display":"","site-post-title":"","ast-breadcrumbs-content":"","ast-featured-img":"","footer-sml-layout":"","theme-transparent-header-meta":"","adv-header-id-meta":"","stick-header-meta":"","header-above-stick-meta":"","header-main-stick-meta":"","header-below-stick-meta":"","astra-migrate-meta-layouts":"default","ast-page-background-enabled":"default","ast-page-background-meta":{"desktop":{"background-color":"var(--ast-global-color-4)","background-image":"","background-repeat":"repeat","background-position":"center center","background-size":"auto","background-attachment":"scroll","background-type":"","background-media":"","overlay-type":"","overlay-color":"","overlay-opacity":"","overlay-gradient":""},"tablet":{"background-color":"","background-image":"","background-repeat":"repeat","background-position":"center center","background-size":"auto","background-attachment":"scroll","background-type":"","background-media":"","overlay-type":"","overlay-color":"","overlay-opacity":"","overlay-gradient":""},"mobile":{"background-color":"","background-image":"","background-repeat":"repeat","background-position":"center center","background-size":"auto","background-attachment":"scroll","background-type":"","background-media":"","overlay-type":"","overlay-color":"","overlay-opacity":"","overlay-gradient":""}},"ast-content-background-meta":{"desktop":{"background-color":"var(--ast-global-color-5)","background-image":"","background-repeat":"repeat","background-position":"center center","background-size":"auto","background-attachment":"scroll","background-type":"","background-media":"","overlay-type":"","overlay-color":"","overlay-opacity":"","overlay-gradient":""},"tablet":{"background-color":"var(--ast-global-color-5)","background-image":"","background-repeat":"repeat","background-position":"center center","background-size":"auto","background-attachment":"scroll","background-type":"","background-media":"","overlay-type":"","overlay-color":"","overlay-opacity":"","overlay-gradient":""},"mobile":{"background-color":"var(--ast-global-color-5)","background-image":"","background-repeat":"repeat","background-position":"center center","background-size":"auto","background-attachment":"scroll","background-type":"","background-media":"","overlay-type":"","overlay-color":"","overlay-opacity":"","overlay-gradient":""}},"footnotes":""},"categories":[12,4],"tags":[82],"class_list":["post-7140","post","type-post","status-publish","format-standard","hentry","category-3r","category-portada","tag-valls"],"post_mailing_queue_ids":[],"_links":{"self":[{"href":"https:\/\/agora.xtec.cat\/ceip-eladihoms-valls\/wp-json\/wp\/v2\/posts\/7140","targetHints":{"allow":["GET"]}}],"collection":[{"href":"https:\/\/agora.xtec.cat\/ceip-eladihoms-valls\/wp-json\/wp\/v2\/posts"}],"about":[{"href":"https:\/\/agora.xtec.cat\/ceip-eladihoms-valls\/wp-json\/wp\/v2\/types\/post"}],"author":[{"embeddable":true,"href":"https:\/\/agora.xtec.cat\/ceip-eladihoms-valls\/wp-json\/wp\/v2\/users\/1"}],"replies":[{"embeddable":true,"href":"https:\/\/agora.xtec.cat\/ceip-eladihoms-valls\/wp-json\/wp\/v2\/comments?post=7140"}],"version-history":[{"count":1,"href":"https:\/\/agora.xtec.cat\/ceip-eladihoms-valls\/wp-json\/wp\/v2\/posts\/7140\/revisions"}],"predecessor-version":[{"id":7142,"href":"https:\/\/agora.xtec.cat\/ceip-eladihoms-valls\/wp-json\/wp\/v2\/posts\/7140\/revisions\/7142"}],"wp:attachment":[{"href":"https:\/\/agora.xtec.cat\/ceip-eladihoms-valls\/wp-json\/wp\/v2\/media?parent=7140"}],"wp:term":[{"taxonomy":"category","embeddable":true,"href":"https:\/\/agora.xtec.cat\/ceip-eladihoms-valls\/wp-json\/wp\/v2\/categories?post=7140"},{"taxonomy":"post_tag","embeddable":true,"href":"https:\/\/agora.xtec.cat\/ceip-eladihoms-valls\/wp-json\/wp\/v2\/tags?post=7140"}],"curies":[{"name":"wp","href":"https:\/\/api.w.org\/{rel}","templated":true}]}}