{"id":7100,"date":"2023-02-26T22:56:06","date_gmt":"2023-02-26T21:56:06","guid":{"rendered":"https:\/\/agora.xtec.cat\/ceip-eladihoms-valls\/?p=7100"},"modified":"2023-03-19T23:58:33","modified_gmt":"2023-03-19T22:58:33","slug":"enhorabona-artistes","status":"publish","type":"post","link":"https:\/\/agora.xtec.cat\/ceip-eladihoms-valls\/portada\/enhorabona-artistes\/","title":{"rendered":"Enhorabona artistes!"},"content":{"rendered":"<p>La Yanira Ram\u00edrez de la classe de les Tortugues de quart i l&#8217;Eugenia Petriv de la classe dels Cangurs Goodfellow de sis\u00e8 aquest vespre, al Sal\u00f3 de Plens de l&#8217;Ajuntament de Valls, han recollit els premis que han guanyat en el 14\u00e8 Concurs de dibuix organitzat per l&#8217;Agrupaci\u00f3 de Confraries i Germandats de Setmana Santa.<br \/>\nEnhorabona artistes!<\/p>\n<table style=\"border-collapse: collapse; width: 100%;\">\n<tbody>\n<tr>\n<td style=\"width: 50%;\"><a href=\"https:\/\/agora.xtec.cat\/ceip-eladihoms-valls\/wp-content\/uploads\/usu1067\/2023\/03\/premi2.jpg\"><img loading=\"lazy\" decoding=\"async\" class=\"aligncenter size-full wp-image-7102\" src=\"https:\/\/agora.xtec.cat\/ceip-eladihoms-valls\/wp-content\/uploads\/usu1067\/2023\/03\/premi2.jpg\" alt=\"\" width=\"1080\" height=\"720\" srcset=\"https:\/\/agora.xtec.cat\/ceip-eladihoms-valls\/wp-content\/uploads\/usu1067\/2023\/03\/premi2.jpg 1080w, https:\/\/agora.xtec.cat\/ceip-eladihoms-valls\/wp-content\/uploads\/usu1067\/2023\/03\/premi2-300x200.jpg 300w, https:\/\/agora.xtec.cat\/ceip-eladihoms-valls\/wp-content\/uploads\/usu1067\/2023\/03\/premi2-1024x683.jpg 1024w, https:\/\/agora.xtec.cat\/ceip-eladihoms-valls\/wp-content\/uploads\/usu1067\/2023\/03\/premi2-768x512.jpg 768w\" sizes=\"auto, (max-width: 1080px) 100vw, 1080px\" \/><\/a><\/td>\n<td style=\"width: 50%;\"><a href=\"https:\/\/agora.xtec.cat\/ceip-eladihoms-valls\/wp-content\/uploads\/usu1067\/2023\/03\/premi1.jpg\"><img loading=\"lazy\" decoding=\"async\" class=\"aligncenter size-full wp-image-7101\" src=\"https:\/\/agora.xtec.cat\/ceip-eladihoms-valls\/wp-content\/uploads\/usu1067\/2023\/03\/premi1.jpg\" alt=\"\" width=\"1080\" height=\"720\" srcset=\"https:\/\/agora.xtec.cat\/ceip-eladihoms-valls\/wp-content\/uploads\/usu1067\/2023\/03\/premi1.jpg 1080w, https:\/\/agora.xtec.cat\/ceip-eladihoms-valls\/wp-content\/uploads\/usu1067\/2023\/03\/premi1-300x200.jpg 300w, https:\/\/agora.xtec.cat\/ceip-eladihoms-valls\/wp-content\/uploads\/usu1067\/2023\/03\/premi1-1024x683.jpg 1024w, https:\/\/agora.xtec.cat\/ceip-eladihoms-valls\/wp-content\/uploads\/usu1067\/2023\/03\/premi1-768x512.jpg 768w\" sizes=\"auto, (max-width: 1080px) 100vw, 1080px\" \/><\/a><\/td>\n<\/tr>\n<\/tbody>\n<\/table>\n","protected":false},"excerpt":{"rendered":"<p>La Yanira Ram\u00edrez de la classe de les Tortugues de quart i l&#8217;Eugenia Petriv de la classe dels Cangurs Goodfellow de sis\u00e8 aquest vespre, al Sal\u00f3 de Plens de l&#8217;Ajuntament de Valls, han recollit els premis que han guanyat en el 14\u00e8 Concurs de dibuix organitzat per l&#8217;Agrupaci\u00f3 de Confraries i Germandats de Setmana Santa. [&hellip;]<\/p>\n","protected":false},"author":1,"featured_media":7103,"comment_status":"open","ping_status":"closed","sticky":false,"template":"","format":"standard","meta":{"_bbp_topic_count":0,"_bbp_reply_count":0,"_bbp_total_topic_count":0,"_bbp_total_reply_count":0,"_bbp_voice_count":0,"_bbp_anonymous_reply_count":0,"_bbp_topic_count_hidden":0,"_bbp_reply_count_hidden":0,"_bbp_forum_subforum_count":0,"site-sidebar-layout":"default","site-content-layout":"","ast-site-content-layout":"","site-content-style":"default","site-sidebar-style":"default","ast-global-header-display":"","ast-banner-title-visibility":"","ast-main-header-display":"","ast-hfb-above-header-display":"","ast-hfb-below-header-display":"","ast-hfb-mobile-header-display":"","site-post-title":"","ast-breadcrumbs-content":"","ast-featured-img":"","footer-sml-layout":"","theme-transparent-header-meta":"","adv-header-id-meta":"","stick-header-meta":"","header-above-stick-meta":"","header-main-stick-meta":"","header-below-stick-meta":"","astra-migrate-meta-layouts":"default","ast-page-background-enabled":"default","ast-page-background-meta":{"desktop":{"background-color":"var(--ast-global-color-4)","background-image":"","background-repeat":"repeat","background-position":"center center","background-size":"auto","background-attachment":"scroll","background-type":"","background-media":"","overlay-type":"","overlay-color":"","overlay-opacity":"","overlay-gradient":""},"tablet":{"background-color":"","background-image":"","background-repeat":"repeat","background-position":"center center","background-size":"auto","background-attachment":"scroll","background-type":"","background-media":"","overlay-type":"","overlay-color":"","overlay-opacity":"","overlay-gradient":""},"mobile":{"background-color":"","background-image":"","background-repeat":"repeat","background-position":"center center","background-size":"auto","background-attachment":"scroll","background-type":"","background-media":"","overlay-type":"","overlay-color":"","overlay-opacity":"","overlay-gradient":""}},"ast-content-background-meta":{"desktop":{"background-color":"var(--ast-global-color-5)","background-image":"","background-repeat":"repeat","background-position":"center center","background-size":"auto","background-attachment":"scroll","background-type":"","background-media":"","overlay-type":"","overlay-color":"","overlay-opacity":"","overlay-gradient":""},"tablet":{"background-color":"var(--ast-global-color-5)","background-image":"","background-repeat":"repeat","background-position":"center center","background-size":"auto","background-attachment":"scroll","background-type":"","background-media":"","overlay-type":"","overlay-color":"","overlay-opacity":"","overlay-gradient":""},"mobile":{"background-color":"var(--ast-global-color-5)","background-image":"","background-repeat":"repeat","background-position":"center center","background-size":"auto","background-attachment":"scroll","background-type":"","background-media":"","overlay-type":"","overlay-color":"","overlay-opacity":"","overlay-gradient":""}},"footnotes":""},"categories":[4],"tags":[76,189,190],"class_list":["post-7100","post","type-post","status-publish","format-standard","has-post-thumbnail","hentry","category-portada","tag-art","tag-rei","tag-religio"],"post_mailing_queue_ids":[],"_links":{"self":[{"href":"https:\/\/agora.xtec.cat\/ceip-eladihoms-valls\/wp-json\/wp\/v2\/posts\/7100","targetHints":{"allow":["GET"]}}],"collection":[{"href":"https:\/\/agora.xtec.cat\/ceip-eladihoms-valls\/wp-json\/wp\/v2\/posts"}],"about":[{"href":"https:\/\/agora.xtec.cat\/ceip-eladihoms-valls\/wp-json\/wp\/v2\/types\/post"}],"author":[{"embeddable":true,"href":"https:\/\/agora.xtec.cat\/ceip-eladihoms-valls\/wp-json\/wp\/v2\/users\/1"}],"replies":[{"embeddable":true,"href":"https:\/\/agora.xtec.cat\/ceip-eladihoms-valls\/wp-json\/wp\/v2\/comments?post=7100"}],"version-history":[{"count":1,"href":"https:\/\/agora.xtec.cat\/ceip-eladihoms-valls\/wp-json\/wp\/v2\/posts\/7100\/revisions"}],"predecessor-version":[{"id":7104,"href":"https:\/\/agora.xtec.cat\/ceip-eladihoms-valls\/wp-json\/wp\/v2\/posts\/7100\/revisions\/7104"}],"wp:featuredmedia":[{"embeddable":true,"href":"https:\/\/agora.xtec.cat\/ceip-eladihoms-valls\/wp-json\/wp\/v2\/media\/7103"}],"wp:attachment":[{"href":"https:\/\/agora.xtec.cat\/ceip-eladihoms-valls\/wp-json\/wp\/v2\/media?parent=7100"}],"wp:term":[{"taxonomy":"category","embeddable":true,"href":"https:\/\/agora.xtec.cat\/ceip-eladihoms-valls\/wp-json\/wp\/v2\/categories?post=7100"},{"taxonomy":"post_tag","embeddable":true,"href":"https:\/\/agora.xtec.cat\/ceip-eladihoms-valls\/wp-json\/wp\/v2\/tags?post=7100"}],"curies":[{"name":"wp","href":"https:\/\/api.w.org\/{rel}","templated":true}]}}