{"id":7059,"date":"2023-02-13T17:13:09","date_gmt":"2023-02-13T16:13:09","guid":{"rendered":"https:\/\/agora.xtec.cat\/ceip-eladihoms-valls\/?p=7059"},"modified":"2023-03-19T23:14:57","modified_gmt":"2023-03-19T22:14:57","slug":"fauna-autoctona-de-lalt-camp-2","status":"publish","type":"post","link":"https:\/\/agora.xtec.cat\/ceip-eladihoms-valls\/portada\/fauna-autoctona-de-lalt-camp-2\/","title":{"rendered":"Fauna aut\u00f2ctona de l&#8217;Alt Camp"},"content":{"rendered":"<p>Avui la classe de 4t, les Tortugues, hem tingut una sessi\u00f3 de natura. Hem rebut la visita d\u2019un agent rural. El Francesc que ens ha explicat les caracter\u00edstiques de la fauna aut\u00f2ctona de la nostra comarca, l\u2019Alt Camp. Hem quedat molt sorpresos de poder con\u00e8ixer els animals del nostre entorn: les \u00e0ligues, els falcons, les serps, els tudons, les \u00f2libes, i molts d\u2019altres. Aquesta activitat ens ha agradat molt. Hem apr\u00e8s a ser respectuosos amb el nostre entorn. Moltes gr\u00e0cies al Francesc per aquesta sessi\u00f3 tan interessant. Esperem que torni molt aviat.<a href=\"https:\/\/agora.xtec.cat\/ceip-eladihoms-valls\/wp-content\/uploads\/usu1067\/2023\/03\/Fauna.jpg\"><img loading=\"lazy\" decoding=\"async\" class=\"aligncenter size-full wp-image-7060\" src=\"https:\/\/agora.xtec.cat\/ceip-eladihoms-valls\/wp-content\/uploads\/usu1067\/2023\/03\/Fauna.jpg\" alt=\"\" width=\"501\" height=\"414\" srcset=\"https:\/\/agora.xtec.cat\/ceip-eladihoms-valls\/wp-content\/uploads\/usu1067\/2023\/03\/Fauna.jpg 501w, https:\/\/agora.xtec.cat\/ceip-eladihoms-valls\/wp-content\/uploads\/usu1067\/2023\/03\/Fauna-300x248.jpg 300w\" sizes=\"auto, (max-width: 501px) 100vw, 501px\" \/><\/a><\/p>\n","protected":false},"excerpt":{"rendered":"<p>Avui la classe de 4t, les Tortugues, hem tingut una sessi\u00f3 de natura. Hem rebut la visita d\u2019un agent rural. El Francesc que ens ha explicat les caracter\u00edstiques de la fauna aut\u00f2ctona de la nostra comarca, l\u2019Alt Camp. Hem quedat molt sorpresos de poder con\u00e8ixer els animals del nostre entorn: les \u00e0ligues, els falcons, les [&hellip;]<\/p>\n","protected":false},"author":1,"featured_media":7060,"comment_status":"open","ping_status":"closed","sticky":false,"template":"","format":"standard","meta":{"_bbp_topic_count":0,"_bbp_reply_count":0,"_bbp_total_topic_count":0,"_bbp_total_reply_count":0,"_bbp_voice_count":0,"_bbp_anonymous_reply_count":0,"_bbp_topic_count_hidden":0,"_bbp_reply_count_hidden":0,"_bbp_forum_subforum_count":0,"site-sidebar-layout":"default","site-content-layout":"","ast-site-content-layout":"","site-content-style":"default","site-sidebar-style":"default","ast-global-header-display":"","ast-banner-title-visibility":"","ast-main-header-display":"","ast-hfb-above-header-display":"","ast-hfb-below-header-display":"","ast-hfb-mobile-header-display":"","site-post-title":"","ast-breadcrumbs-content":"","ast-featured-img":"","footer-sml-layout":"","theme-transparent-header-meta":"","adv-header-id-meta":"","stick-header-meta":"","header-above-stick-meta":"","header-main-stick-meta":"","header-below-stick-meta":"","astra-migrate-meta-layouts":"default","ast-page-background-enabled":"default","ast-page-background-meta":{"desktop":{"background-color":"var(--ast-global-color-4)","background-image":"","background-repeat":"repeat","background-position":"center center","background-size":"auto","background-attachment":"scroll","background-type":"","background-media":"","overlay-type":"","overlay-color":"","overlay-opacity":"","overlay-gradient":""},"tablet":{"background-color":"","background-image":"","background-repeat":"repeat","background-position":"center center","background-size":"auto","background-attachment":"scroll","background-type":"","background-media":"","overlay-type":"","overlay-color":"","overlay-opacity":"","overlay-gradient":""},"mobile":{"background-color":"","background-image":"","background-repeat":"repeat","background-position":"center center","background-size":"auto","background-attachment":"scroll","background-type":"","background-media":"","overlay-type":"","overlay-color":"","overlay-opacity":"","overlay-gradient":""}},"ast-content-background-meta":{"desktop":{"background-color":"var(--ast-global-color-5)","background-image":"","background-repeat":"repeat","background-position":"center center","background-size":"auto","background-attachment":"scroll","background-type":"","background-media":"","overlay-type":"","overlay-color":"","overlay-opacity":"","overlay-gradient":""},"tablet":{"background-color":"var(--ast-global-color-5)","background-image":"","background-repeat":"repeat","background-position":"center center","background-size":"auto","background-attachment":"scroll","background-type":"","background-media":"","overlay-type":"","overlay-color":"","overlay-opacity":"","overlay-gradient":""},"mobile":{"background-color":"var(--ast-global-color-5)","background-image":"","background-repeat":"repeat","background-position":"center center","background-size":"auto","background-attachment":"scroll","background-type":"","background-media":"","overlay-type":"","overlay-color":"","overlay-opacity":"","overlay-gradient":""}},"footnotes":""},"categories":[13,4],"tags":[105,120],"class_list":["post-7059","post","type-post","status-publish","format-standard","has-post-thumbnail","hentry","category-4t","category-portada","tag-alt-camp","tag-coneixement-de-lentorn"],"post_mailing_queue_ids":[],"_links":{"self":[{"href":"https:\/\/agora.xtec.cat\/ceip-eladihoms-valls\/wp-json\/wp\/v2\/posts\/7059","targetHints":{"allow":["GET"]}}],"collection":[{"href":"https:\/\/agora.xtec.cat\/ceip-eladihoms-valls\/wp-json\/wp\/v2\/posts"}],"about":[{"href":"https:\/\/agora.xtec.cat\/ceip-eladihoms-valls\/wp-json\/wp\/v2\/types\/post"}],"author":[{"embeddable":true,"href":"https:\/\/agora.xtec.cat\/ceip-eladihoms-valls\/wp-json\/wp\/v2\/users\/1"}],"replies":[{"embeddable":true,"href":"https:\/\/agora.xtec.cat\/ceip-eladihoms-valls\/wp-json\/wp\/v2\/comments?post=7059"}],"version-history":[{"count":1,"href":"https:\/\/agora.xtec.cat\/ceip-eladihoms-valls\/wp-json\/wp\/v2\/posts\/7059\/revisions"}],"predecessor-version":[{"id":7061,"href":"https:\/\/agora.xtec.cat\/ceip-eladihoms-valls\/wp-json\/wp\/v2\/posts\/7059\/revisions\/7061"}],"wp:featuredmedia":[{"embeddable":true,"href":"https:\/\/agora.xtec.cat\/ceip-eladihoms-valls\/wp-json\/wp\/v2\/media\/7060"}],"wp:attachment":[{"href":"https:\/\/agora.xtec.cat\/ceip-eladihoms-valls\/wp-json\/wp\/v2\/media?parent=7059"}],"wp:term":[{"taxonomy":"category","embeddable":true,"href":"https:\/\/agora.xtec.cat\/ceip-eladihoms-valls\/wp-json\/wp\/v2\/categories?post=7059"},{"taxonomy":"post_tag","embeddable":true,"href":"https:\/\/agora.xtec.cat\/ceip-eladihoms-valls\/wp-json\/wp\/v2\/tags?post=7059"}],"curies":[{"name":"wp","href":"https:\/\/api.w.org\/{rel}","templated":true}]}}