{"id":592,"date":"2020-07-06T09:30:04","date_gmt":"2020-07-06T07:30:04","guid":{"rendered":"https:\/\/agora.xtec.cat\/ceip-drseres-alpicat\/?p=592"},"modified":"2020-07-07T12:16:21","modified_gmt":"2020-07-07T10:16:21","slug":"preinscripcio-curs-2020-2021","status":"publish","type":"post","link":"https:\/\/agora.xtec.cat\/ceip-drseres-alpicat\/general\/preinscripcio-curs-2020-2021\/","title":{"rendered":"Preinscripci\u00f3 i matr\u00edcula curs 2020-2021"},"content":{"rendered":"<h1><strong>Preinscripci\u00f3<\/strong><\/h1>\n<p>A partir <span style=\"color: #000000;\"><strong>del 13 de maig i fins el 22<\/strong><\/span> del mateix mes es podr\u00e0 dur a terme la preinscripci\u00f3 escolar per als ensenyaments de segon cicle d\u2019educaci\u00f3 infantil i educaci\u00f3 prim\u00e0ria. Un proc\u00e9s que enguany, a causa de les circumst\u00e0ncies extraordin\u00e0ries per la covid-19, es promou l&#8217;\u00fas de la sol\u00b7licitud en suport inform\u00e0tic i tindr\u00e0 uns dies espec\u00edfics per atendre les preinscripcions presencials.<\/p>\n<p><strong><span style=\"color: #ff0000;\">Abans de tramitar la preinscripci\u00f3, recomanem consultar la informaci\u00f3 seg\u00fcent:<\/span><\/strong><\/p>\n<ul style=\"list-style-type: circle;\">\n<li><a href=\"https:\/\/agora.xtec.cat\/ceip-drseres-alpicat\/general\/jornada-de-portes-obertes-virtual\/\" target=\"_blank\" rel=\"noopener noreferrer\">Jornada de portes obertes virtual<\/a><\/li>\n<li><a href=\"http:\/\/mapaescolar.gencat.cat\/\" target=\"_blank\" rel=\"noopener noreferrer\">Oferta inicial de places<\/a><\/li>\n<li><a href=\"https:\/\/agora.xtec.cat\/ceip-drseres-alpicat\/wp-content\/uploads\/usu1665\/2020\/05\/INFORME_OFERTA_OME_INFORME_OFERTA-8.pdf\" target=\"_blank\" rel=\"noopener noreferrer\">Oferta definitiva de places<\/a><\/li>\n<li><a href=\"https:\/\/agora.xtec.cat\/ceip-drseres-alpicat\/wp-content\/uploads\/usu1665\/2020\/05\/Criteris-de-prioritat.pdf\" target=\"_blank\" rel=\"noopener noreferrer\">Criteris de prioritat<\/a><\/li>\n<li><a href=\"http:\/\/queestudiar.gencat.cat\/ca\/preinscripcio\/estudis\/obligatoris\/calendari\/\" target=\"_blank\" rel=\"noopener noreferrer\">Calendari<\/a><\/li>\n<li><a href=\"https:\/\/agora.xtec.cat\/ceip-drseres-alpicat\/wp-content\/uploads\/usu1665\/2020\/03\/guia-preinscripcio-fam\u00edlies.pdf\" target=\"_blank\" rel=\"noopener noreferrer\">Guia per a la preinscripci\u00f3 i matr\u00edcula del\u00a0 curs 2020-2021.pdf<\/a><\/li>\n<li><a href=\"http:\/\/queestudiar.gencat.cat\/ca\/preinscripcio\/estudis\/obligatoris\/\" target=\"_blank\" rel=\"noopener noreferrer\">http:\/\/queestudiar.gencat.cat\/ca\/preinscripcio\/estudis\/obligatoris\/<\/a><\/li>\n<\/ul>\n<h3><\/h3>\n<p>&nbsp;<\/p>\n<p>&nbsp;<\/p>\n<h2><strong><span style=\"color: #ff6600;\">Preinscripci\u00f3 telem\u00e0tica (del 13 al 22 de maig):<\/span><\/strong><\/h2>\n<p>S\u2019elimina la necessitat de presentar la sol\u00b7licitud i la documentaci\u00f3 en paper al centre, i queda substitu\u00efda per utilitzar el formulari telem\u00e0tic i enviar la documentaci\u00f3 necess\u00e0ria -escanejada o fotografiada- mitjan\u00e7ant un correu a l&#8217;adre\u00e7a <strong>c5000468@xtec.cat<\/strong><\/p>\n<p><span style=\"text-decoration: underline;\"><a href=\"https:\/\/agora.xtec.cat\/ceip-drseres-alpicat\/secretaria\/preinscricpio-2020-2021\/\"><strong>Aqu\u00ed podeu consultar i descarregar la documentaci\u00f3 necess\u00e0ria que cal presentar.<\/strong><\/a><\/span><\/p>\n<p>Per a qualsevol <strong>dubte, informaci\u00f3 o aclariment<\/strong>, <strong>a partir del 13 de maig<\/strong> podeu posar-vos en contacte amb nosaltres mitjan\u00e7ant:<\/p>\n<ul>\n<li><strong><span style=\"font-family: inherit; font-size: 1em;\">Un correu a la b\u00fastia electr\u00f2nica c5000468@xtec.cat.<\/span><\/strong><\/li>\n<li><strong><span style=\"font-family: inherit; font-size: 1em;\">Trucant al 973 73 64 64 de 9 a 13 h.<\/span><\/strong><\/li>\n<\/ul>\n<p>&nbsp;<\/p>\n<p>&nbsp;<\/p>\n<h2><strong><span style=\"color: #ff6600;\">Preinscripci\u00f3 presencial (de manera EXCEPCIONAL del 19 al 22 de maig):<\/span><\/strong><\/h2>\n<p>De manera excepcional, per als casos en qu\u00e8 els sol\u00b7licitants no puguin fer la presentaci\u00f3 telem\u00e0tica. Per a fer-ho, <strong>a partir del 13 de maig caldr\u00e0 <\/strong><span style=\"font-family: inherit; font-size: 1em;\"><strong>demanar cita pr\u00e8via<\/strong> mitjan\u00e7ant:<\/span><\/p>\n<ul>\n<li><span style=\"color: #339966;\"><a style=\"color: #339966;\" href=\"https:\/\/aplicacions.gestioeducativa.gencat.cat\/pls\/apex\/f?p=CITA_PREVIA:4::::4:P4_TIPUS_CALENDARI,P4_DOMINI:01_Oblig,25000468\" target=\"_blank\" rel=\"noopener noreferrer\"><strong><span style=\"font-family: inherit; font-size: 1em;\">Sol\u00b7licitud de cita pr\u00e8via per internet.<\/span><\/strong><\/a><\/span><\/li>\n<li><strong><span style=\"font-family: inherit; font-size: 1em;\">Trucant al 973 73 64 64 de 9 a 13 h.<\/span><\/strong><\/li>\n<\/ul>\n<p>S&#8217;haur\u00e0 de portar la documentaci\u00f3 de l&#8217;alumne per a poder-la escanejar o fotocopiar i, si pot ser, la sol\u00b7licitud de preinscripci\u00f3 i els documents de centre emplenats des de casa.<\/p>\n<p><span style=\"text-decoration: underline;\"><a href=\"https:\/\/agora.xtec.cat\/ceip-drseres-alpicat\/secretaria\/preinscricpio-2020-2021\/\"><strong>Aqu\u00ed podeu consultar i descarregar la documentaci\u00f3 necess\u00e0ria que cal presentar.<\/strong><\/a><\/span><\/p>\n<p>&nbsp;<\/p>\n<p><strong>IMPORTANT:<\/strong><\/p>\n<p>Al centre hi ha d\u2019anar a fer les gestions, preferiblement, una sola persona amb mascareta, guants i el seu propi bol\u00edgraf.<\/p>\n<p>No poden acudir les persones de grups d&#8217;especial vulnerabilitat o en per\u00edode de confinament, o que presentin s\u00edmptomes. En aquest cas, poden autoritzar per escrit a una altra persona a portar la sol\u00b7licitud i la documentaci\u00f3.<\/p>\n<p>&nbsp;<\/p>\n<p>&nbsp;<\/p>\n<h2><strong><span style=\"color: #ff6600;\">Llista de sol\u00b7licituds amb la puntuaci\u00f3 provisional (29 de maig):<\/span><\/strong><\/h2>\n<p>En aquestes llistes trobareu les sol\u00b7licituds de preinscripci\u00f3 ordenades alfab\u00e8ticament amb la informaci\u00f3\u00a0sobre la\u00a0<strong>puntuaci\u00f3\u00a0<\/strong>que ha rebut cada sol\u00b7licitud en aplicar-hi el barem. Si la sol\u00b7licitud no s&#8217;ha puntuat correctament o hi ha alguna errada en les dades es pot presentar una reclamaci\u00f3 a la b\u00fastia electr\u00f2nica <strong>c5000468@xtec.cat<\/strong>.<\/p>\n<p>El centre respondr\u00e0 al correu com a justificant de recepci\u00f3 de la reclamaci\u00f3.<\/p>\n<p>De manera puntual, es podr\u00e0 demanar <a href=\"https:\/\/aplicacions.gestioeducativa.gencat.cat\/pls\/apex\/f?p=CITA_PREVIA:4::::4:P4_TIPUS_CALENDARI,P4_DOMINI:01_Oblig,25000468\" target=\"_blank\" rel=\"noopener noreferrer\"><strong>cita pr\u00e8via<\/strong><\/a> al centre a trav\u00e9s de l&#8217;eina corporativa o per tel\u00e8fon per anar a fer el tr\u00e0mit presencialment.<\/p>\n<p>Un cop resoltes les reclamacions, les llistes es tornen a publicar amb la puntuaci\u00f3 de cadascuna i\u00a0el\u00a0<strong>n\u00famero aleatori<\/strong> assignat a cada sol\u00b7licitud (serveix per a l&#8217;ordenaci\u00f3 en cas d&#8217;empat).<\/p>\n<ul>\n<li><span style=\"text-decoration: underline;\"><a href=\"https:\/\/agora.xtec.cat\/ceip-drseres-alpicat\/wp-content\/uploads\/usu1665\/2020\/05\/INFORME_BAREM_PROVISIONAL_BAREM-5.pdf\" target=\"_blank\" rel=\"noopener noreferrer\"><strong>Publicaci\u00f3 de la llista de sol\u00b7licituds que han demanat el centre i l&#8217;ensenyament en primera opci\u00f3 amb el barem provisional a 29\/05\/2020.<\/strong><\/a><\/span><\/li>\n<\/ul>\n<p>&nbsp;<\/p>\n<p>&nbsp;<\/p>\n<h2><strong><span style=\"color: #ff6600;\">Llista <\/span><\/strong><strong><span style=\"color: #ff6600;\">de sol\u00b7licituds <\/span><\/strong><strong><span style=\"color: #ff6600;\">amb el barem, un cop resoltes les reclamacions (9 de juny):<\/span><\/strong><\/h2>\n<ul>\n<li><span style=\"text-decoration: underline;\"><strong><a href=\"https:\/\/agora.xtec.cat\/ceip-drseres-alpicat\/wp-content\/uploads\/usu1665\/2020\/05\/INFORME_BAREM_RESOLTES_BAREM-7.pdf\">Publicaci\u00f3 de la llista de sol\u00b7licituds que han demanat el centre i l&#8217;ensenyament en primera opci\u00f3 amb el barem, un cop resoltes les reclamacions.<\/a><\/strong><\/span><\/li>\n<\/ul>\n<h2><strong><span style=\"color: #ff6600;\">Llista definitiva amb les sol\u00b7licituds <\/span><span style=\"color: #ff6600;\">ordenades <\/span><span style=\"color: #ff6600;\">(11 de juny):<\/span><\/strong><\/h2>\n<p>Les sol\u00b7licituds s&#8217;ordenen segons els criteris de prioritat, la puntuaci\u00f3 definitiva i el n\u00famero de desempat.<\/p>\n<ul>\n<li><span style=\"text-decoration: underline;\"><strong><a href=\"https:\/\/agora.xtec.cat\/ceip-drseres-alpicat\/wp-content\/uploads\/usu1665\/2020\/05\/INFORME_BAREM_DEFINITIU_BAREM-4.pdf\" target=\"_blank\" rel=\"noopener noreferrer\">Publicaci\u00f3 de la llista de sol\u00b7licituds que han demanat el centre i l&#8217;ensenyament en primera opci\u00f3 amb el barem, ordenada definitiva<\/a><\/strong><\/span><\/li>\n<\/ul>\n<p>&nbsp;<\/p>\n<h2 id=\"FW_bloc_6277a7c6-55e8-11e4-aafa-000c29f68999_3\" class=\"FW_ancora\"><strong><span style=\"color: #ff6600;\">Llista amb l&#8217;assignaci\u00f3 de places i llistes d&#8217;espera (7 de juliol):<\/span><\/strong><\/h2>\n<p>Cada centre publica la llista d&#8217;alumnes admesos al centre i la llista d&#8217;alumnes que s&#8217;hi han preinscrit, per\u00f2 que tenen un altre centre assignat. Si el centre no ha pogut atendre totes les sol\u00b7licituds, tamb\u00e9 publica la llista d&#8217;espera.<\/p>\n<p>La llista d&#8217;espera est\u00e0 formada per totes les sol\u00b7licituds que han demanat el centre en primera opci\u00f3 o posteriors, sempre que no tinguin assignada una petici\u00f3 d&#8217;ordre anterior (per tant, prioritzada pel sol\u00b7licitant). La llista s&#8217;ordena per ordre de petici\u00f3, la puntuaci\u00f3 definitiva i el n\u00famero de desempat.<\/p>\n<ul>\n<li><strong><span style=\"text-decoration: underline;\"><a href=\"https:\/\/agora.xtec.cat\/ceip-drseres-alpicat\/wp-content\/uploads\/usu1665\/2020\/07\/INFORME_PREINSCRITES_OME_INFORME_PREINSCRITES_OME-1.pdf\" target=\"_blank\" rel=\"noopener noreferrer\">Alumnes preinscrits al centre.<\/a><\/span><\/strong><\/li>\n<li><span style=\"text-decoration: underline;\"><strong><a href=\"https:\/\/agora.xtec.cat\/ceip-drseres-alpicat\/wp-content\/uploads\/usu1665\/2020\/07\/INFORME_ASSIGNADES_INFORME_ASSIGNADES-2.pdf\" target=\"_blank\" rel=\"noopener noreferrer\">Alumnes assignats al centre amb indicaci\u00f3 de la primera petici\u00f3.<\/a><\/strong><\/span><\/li>\n<li><span style=\"text-decoration: underline;\"><strong><a href=\"https:\/\/agora.xtec.cat\/ceip-drseres-alpicat\/wp-content\/uploads\/usu1665\/2020\/07\/INFORME_LLISTA_ESPERA_OME_LLISTA_ESPERA-4.pdf\" target=\"_blank\" rel=\"noopener noreferrer\">Llista d&#8217;espera del centre.<\/a><\/strong><\/span><\/li>\n<\/ul>\n<p>&nbsp;<\/p>\n<p>&nbsp;<\/p>\n<h1><strong>Matr\u00edcula<\/strong><\/h1>\n<h3><strong><span style=\"color: #ff6600;\">Del 13 al 17 de juliol.<\/span><\/strong><\/h3>\n","protected":false},"excerpt":{"rendered":"<p>Preinscripci\u00f3<br \/>\nA partir del 13 de maig i fins el 22 del mateix mes es podr\u00e0 dur a terme la preinscripci\u00f3 escolar per als ensenyaments de segon cicle d\u2019educaci\u00f3 infantil i educaci\u00f3 prim\u00e0ria. Un proc\u00e9s que enguany, a causa de les circumst\u00e0ncies extraordin\u00e0ries per la covid-19,&hellip;  <a href=\"https:\/\/agora.xtec.cat\/ceip-drseres-alpicat\/general\/preinscripcio-curs-2020-2021\/\" title=\"Read Preinscripci\u00f3 i matr\u00edcula curs 2020-2021\">Llegeix m\u00e9s\u00bb<\/a><\/p>\n","protected":false},"author":1,"featured_media":1221,"comment_status":"closed","ping_status":"closed","sticky":false,"template":"","format":"standard","meta":{"_bbp_topic_count":0,"_bbp_reply_count":0,"_bbp_total_topic_count":0,"_bbp_total_reply_count":0,"_bbp_voice_count":0,"_bbp_anonymous_reply_count":0,"_bbp_topic_count_hidden":0,"_bbp_reply_count_hidden":0,"_bbp_forum_subforum_count":0,"footnotes":""},"categories":[1,4],"tags":[97],"class_list":["post-592","post","type-post","status-publish","format-standard","has-post-thumbnail","hentry","category-general","category-portada","tag-preinscripcio"],"post_mailing_queue_ids":[],"_links":{"self":[{"href":"https:\/\/agora.xtec.cat\/ceip-drseres-alpicat\/wp-json\/wp\/v2\/posts\/592","targetHints":{"allow":["GET"]}}],"collection":[{"href":"https:\/\/agora.xtec.cat\/ceip-drseres-alpicat\/wp-json\/wp\/v2\/posts"}],"about":[{"href":"https:\/\/agora.xtec.cat\/ceip-drseres-alpicat\/wp-json\/wp\/v2\/types\/post"}],"author":[{"embeddable":true,"href":"https:\/\/agora.xtec.cat\/ceip-drseres-alpicat\/wp-json\/wp\/v2\/users\/1"}],"replies":[{"embeddable":true,"href":"https:\/\/agora.xtec.cat\/ceip-drseres-alpicat\/wp-json\/wp\/v2\/comments?post=592"}],"version-history":[{"count":4,"href":"https:\/\/agora.xtec.cat\/ceip-drseres-alpicat\/wp-json\/wp\/v2\/posts\/592\/revisions"}],"predecessor-version":[{"id":1490,"href":"https:\/\/agora.xtec.cat\/ceip-drseres-alpicat\/wp-json\/wp\/v2\/posts\/592\/revisions\/1490"}],"wp:featuredmedia":[{"embeddable":true,"href":"https:\/\/agora.xtec.cat\/ceip-drseres-alpicat\/wp-json\/wp\/v2\/media\/1221"}],"wp:attachment":[{"href":"https:\/\/agora.xtec.cat\/ceip-drseres-alpicat\/wp-json\/wp\/v2\/media?parent=592"}],"wp:term":[{"taxonomy":"category","embeddable":true,"href":"https:\/\/agora.xtec.cat\/ceip-drseres-alpicat\/wp-json\/wp\/v2\/categories?post=592"},{"taxonomy":"post_tag","embeddable":true,"href":"https:\/\/agora.xtec.cat\/ceip-drseres-alpicat\/wp-json\/wp\/v2\/tags?post=592"}],"curies":[{"name":"wp","href":"https:\/\/api.w.org\/{rel}","templated":true}]}}