{"id":4624,"date":"2026-03-09T13:34:54","date_gmt":"2026-03-09T12:34:54","guid":{"rendered":"https:\/\/agora.xtec.cat\/ceip-drseres-alpicat\/?p=4624"},"modified":"2026-03-09T15:26:11","modified_gmt":"2026-03-09T14:26:11","slug":"nou-kit-de-pati","status":"publish","type":"post","link":"https:\/\/agora.xtec.cat\/ceip-drseres-alpicat\/general\/nou-kit-de-pati\/","title":{"rendered":"NOU KIT DE PATI"},"content":{"rendered":"<p data-start=\"0\" data-end=\"43\">Les classes de Prim\u00e0ria ja disposen del seu<strong> nou kit de pati<\/strong>, un conjunt de materials pensats perqu\u00e8 l&#8217;alumnat pugui gaudir d&#8217;estones d&#8217;esbarjo m\u00e9s actives, divertides i compartides. Aquest kit ha sorgit del propi alumnat, <strong>petici\u00f3 feta a l&#8217;assemblea de delegats\/des<\/strong>.<\/p>\n<p data-start=\"225\" data-end=\"279\">El kit inclou diversos materials esportius i de joc:<\/p>\n<p data-start=\"225\" data-end=\"279\"><a href=\"https:\/\/agora.xtec.cat\/ceip-drseres-alpicat\/wp-content\/uploads\/usu1665\/2026\/03\/Cartells-kits-de-pati.jpg\"><img loading=\"lazy\" decoding=\"async\" class=\"wp-image-4625 aligncenter\" src=\"https:\/\/agora.xtec.cat\/ceip-drseres-alpicat\/wp-content\/uploads\/usu1665\/2026\/03\/Cartells-kits-de-pati-724x1024.jpg\" alt=\"\" width=\"198\" height=\"280\" srcset=\"https:\/\/agora.xtec.cat\/ceip-drseres-alpicat\/wp-content\/uploads\/usu1665\/2026\/03\/Cartells-kits-de-pati-724x1024.jpg 724w, https:\/\/agora.xtec.cat\/ceip-drseres-alpicat\/wp-content\/uploads\/usu1665\/2026\/03\/Cartells-kits-de-pati-212x300.jpg 212w, https:\/\/agora.xtec.cat\/ceip-drseres-alpicat\/wp-content\/uploads\/usu1665\/2026\/03\/Cartells-kits-de-pati-768x1086.jpg 768w, https:\/\/agora.xtec.cat\/ceip-drseres-alpicat\/wp-content\/uploads\/usu1665\/2026\/03\/Cartells-kits-de-pati-1086x1536.jpg 1086w, https:\/\/agora.xtec.cat\/ceip-drseres-alpicat\/wp-content\/uploads\/usu1665\/2026\/03\/Cartells-kits-de-pati.jpg 1414w\" sizes=\"auto, (max-width: 198px) 100vw, 198px\" \/><\/a><\/p>\n<p data-start=\"225\" data-end=\"279\">Aquesta iniciativa ajuda a <strong data-start=\"847\" data-end=\"908\">fomentar el joc actiu, la cooperaci\u00f3 i la responsabilitat<\/strong> entre l\u2019alumnat.<\/p>\n","protected":false},"excerpt":{"rendered":"<p>Les classes de Prim\u00e0ria ja disposen del seu nou kit de pati, un conjunt de materials pensats perqu\u00e8 l&#8217;alumnat pugui gaudir d&#8217;estones d&#8217;esbarjo m\u00e9s actives, divertides i compartides. Aquest kit ha sorgit del propi alumnat, petici\u00f3 feta a l&#8217;assemblea de delegats\/des.<br \/>\nEl kit inclou diversos materials&hellip;  <a href=\"https:\/\/agora.xtec.cat\/ceip-drseres-alpicat\/general\/nou-kit-de-pati\/\" title=\"Read NOU KIT DE PATI\">Llegeix m\u00e9s\u00bb<\/a><\/p>\n","protected":false},"author":23,"featured_media":4625,"comment_status":"open","ping_status":"open","sticky":false,"template":"","format":"standard","meta":{"_bbp_topic_count":0,"_bbp_reply_count":0,"_bbp_total_topic_count":0,"_bbp_total_reply_count":0,"_bbp_voice_count":0,"_bbp_anonymous_reply_count":0,"_bbp_topic_count_hidden":0,"_bbp_reply_count_hidden":0,"_bbp_forum_subforum_count":0,"footnotes":""},"categories":[1,4],"tags":[],"class_list":["post-4624","post","type-post","status-publish","format-standard","has-post-thumbnail","hentry","category-general","category-portada"],"post_mailing_queue_ids":[],"_links":{"self":[{"href":"https:\/\/agora.xtec.cat\/ceip-drseres-alpicat\/wp-json\/wp\/v2\/posts\/4624","targetHints":{"allow":["GET"]}}],"collection":[{"href":"https:\/\/agora.xtec.cat\/ceip-drseres-alpicat\/wp-json\/wp\/v2\/posts"}],"about":[{"href":"https:\/\/agora.xtec.cat\/ceip-drseres-alpicat\/wp-json\/wp\/v2\/types\/post"}],"author":[{"embeddable":true,"href":"https:\/\/agora.xtec.cat\/ceip-drseres-alpicat\/wp-json\/wp\/v2\/users\/23"}],"replies":[{"embeddable":true,"href":"https:\/\/agora.xtec.cat\/ceip-drseres-alpicat\/wp-json\/wp\/v2\/comments?post=4624"}],"version-history":[{"count":3,"href":"https:\/\/agora.xtec.cat\/ceip-drseres-alpicat\/wp-json\/wp\/v2\/posts\/4624\/revisions"}],"predecessor-version":[{"id":4632,"href":"https:\/\/agora.xtec.cat\/ceip-drseres-alpicat\/wp-json\/wp\/v2\/posts\/4624\/revisions\/4632"}],"wp:featuredmedia":[{"embeddable":true,"href":"https:\/\/agora.xtec.cat\/ceip-drseres-alpicat\/wp-json\/wp\/v2\/media\/4625"}],"wp:attachment":[{"href":"https:\/\/agora.xtec.cat\/ceip-drseres-alpicat\/wp-json\/wp\/v2\/media?parent=4624"}],"wp:term":[{"taxonomy":"category","embeddable":true,"href":"https:\/\/agora.xtec.cat\/ceip-drseres-alpicat\/wp-json\/wp\/v2\/categories?post=4624"},{"taxonomy":"post_tag","embeddable":true,"href":"https:\/\/agora.xtec.cat\/ceip-drseres-alpicat\/wp-json\/wp\/v2\/tags?post=4624"}],"curies":[{"name":"wp","href":"https:\/\/api.w.org\/{rel}","templated":true}]}}