{"id":4489,"date":"2026-02-03T16:29:05","date_gmt":"2026-02-03T15:29:05","guid":{"rendered":"https:\/\/agora.xtec.cat\/ceip-drseres-alpicat\/?p=4489"},"modified":"2026-02-08T19:10:01","modified_gmt":"2026-02-08T18:10:01","slug":"portes-obertes-de-lescola-2026","status":"publish","type":"post","link":"https:\/\/agora.xtec.cat\/ceip-drseres-alpicat\/general\/portes-obertes-de-lescola-2026\/","title":{"rendered":"Portes obertes de l&#8217;escola 2026"},"content":{"rendered":"<p>El proper 2 de mar\u00e7 de 2026 ens agradar\u00e0 molt que ens visiteu per a rebre-us i explicar-vos com treballem! Per venir a visitar el centre no cal que demaneu cita pr\u00e8via. Moltes gr\u00e0cies!<\/p>\n<p><a href=\"https:\/\/agora.xtec.cat\/ceip-drseres-alpicat\/wp-content\/uploads\/usu1665\/2026\/02\/Cartell-portes-obertes-2026-1.png\"><img loading=\"lazy\" decoding=\"async\" class=\"aligncenter size-large wp-image-4490\" src=\"https:\/\/agora.xtec.cat\/ceip-drseres-alpicat\/wp-content\/uploads\/usu1665\/2026\/02\/Cartell-portes-obertes-2026-1-768x1024.png\" alt=\"\" width=\"768\" height=\"1024\" srcset=\"https:\/\/agora.xtec.cat\/ceip-drseres-alpicat\/wp-content\/uploads\/usu1665\/2026\/02\/Cartell-portes-obertes-2026-1-768x1024.png 768w, https:\/\/agora.xtec.cat\/ceip-drseres-alpicat\/wp-content\/uploads\/usu1665\/2026\/02\/Cartell-portes-obertes-2026-1-225x300.png 225w, https:\/\/agora.xtec.cat\/ceip-drseres-alpicat\/wp-content\/uploads\/usu1665\/2026\/02\/Cartell-portes-obertes-2026-1-1152x1536.png 1152w, https:\/\/agora.xtec.cat\/ceip-drseres-alpicat\/wp-content\/uploads\/usu1665\/2026\/02\/Cartell-portes-obertes-2026-1-1536x2048.png 1536w\" sizes=\"auto, (max-width: 768px) 100vw, 768px\" \/><\/a><\/p>\n<p>Portes obertes als centres educatius d&#8217;Alpicat:<\/p>\n<p><a href=\"https:\/\/agora.xtec.cat\/ceip-drseres-alpicat\/wp-content\/uploads\/usu1665\/2026\/02\/Portes-obertes-dels-centres-educatius.jpg\"><img loading=\"lazy\" decoding=\"async\" class=\"aligncenter size-large wp-image-4531\" src=\"https:\/\/agora.xtec.cat\/ceip-drseres-alpicat\/wp-content\/uploads\/usu1665\/2026\/02\/Portes-obertes-dels-centres-educatius-724x1024.jpg\" alt=\"\" width=\"724\" height=\"1024\" srcset=\"https:\/\/agora.xtec.cat\/ceip-drseres-alpicat\/wp-content\/uploads\/usu1665\/2026\/02\/Portes-obertes-dels-centres-educatius-724x1024.jpg 724w, https:\/\/agora.xtec.cat\/ceip-drseres-alpicat\/wp-content\/uploads\/usu1665\/2026\/02\/Portes-obertes-dels-centres-educatius-212x300.jpg 212w, https:\/\/agora.xtec.cat\/ceip-drseres-alpicat\/wp-content\/uploads\/usu1665\/2026\/02\/Portes-obertes-dels-centres-educatius-768x1086.jpg 768w, https:\/\/agora.xtec.cat\/ceip-drseres-alpicat\/wp-content\/uploads\/usu1665\/2026\/02\/Portes-obertes-dels-centres-educatius-1086x1536.jpg 1086w, https:\/\/agora.xtec.cat\/ceip-drseres-alpicat\/wp-content\/uploads\/usu1665\/2026\/02\/Portes-obertes-dels-centres-educatius.jpg 1414w\" sizes=\"auto, (max-width: 724px) 100vw, 724px\" \/><\/a><\/p>\n<p>Per a m\u00e9s informaci\u00f3, podeu consultar al seg\u00fcent enlla\u00e7 del <a href=\"https:\/\/preinscripcio.gencat.cat\/ca\/inici\/index.html\">Departament d&#8217;Educaci\u00f3<\/a><\/p>\n","protected":false},"excerpt":{"rendered":"<p>El proper 2 de mar\u00e7 de 2026 ens agradar\u00e0 molt que ens visiteu per a rebre-us i explicar-vos com treballem! Per venir a visitar el centre no cal que demaneu cita pr\u00e8via. Moltes gr\u00e0cies!<br \/>\n<a href=\"https:\/\/agora.xtec.cat\/ceip-drseres-alpicat\/wp-content\/uploads\/usu1665\/2026\/02\/Cartell-portes-obertes-2026-1.png\"><\/a><br \/>\nPortes obertes als centres educatius d&#8217;Alpicat:<br \/>\n<a href=\"https:\/\/agora.xtec.cat\/ceip-drseres-alpicat\/wp-content\/uploads\/usu1665\/2026\/02\/Portes-obertes-dels-centres-educatius.jpg\"><\/a><br \/>\nPer a m\u00e9s informaci\u00f3, podeu&hellip;  <a href=\"https:\/\/agora.xtec.cat\/ceip-drseres-alpicat\/general\/portes-obertes-de-lescola-2026\/\" title=\"Read Portes obertes de l&#8217;escola 2026\">Llegeix m\u00e9s\u00bb<\/a><\/p>\n","protected":false},"author":1,"featured_media":4490,"comment_status":"open","ping_status":"open","sticky":false,"template":"","format":"standard","meta":{"_bbp_topic_count":0,"_bbp_reply_count":0,"_bbp_total_topic_count":0,"_bbp_total_reply_count":0,"_bbp_voice_count":0,"_bbp_anonymous_reply_count":0,"_bbp_topic_count_hidden":0,"_bbp_reply_count_hidden":0,"_bbp_forum_subforum_count":0,"footnotes":""},"categories":[1,2,4,5],"tags":[],"class_list":["post-4489","post","type-post","status-publish","format-standard","has-post-thumbnail","hentry","category-general","category-infantil","category-portada","category-primaria"],"post_mailing_queue_ids":[],"_links":{"self":[{"href":"https:\/\/agora.xtec.cat\/ceip-drseres-alpicat\/wp-json\/wp\/v2\/posts\/4489","targetHints":{"allow":["GET"]}}],"collection":[{"href":"https:\/\/agora.xtec.cat\/ceip-drseres-alpicat\/wp-json\/wp\/v2\/posts"}],"about":[{"href":"https:\/\/agora.xtec.cat\/ceip-drseres-alpicat\/wp-json\/wp\/v2\/types\/post"}],"author":[{"embeddable":true,"href":"https:\/\/agora.xtec.cat\/ceip-drseres-alpicat\/wp-json\/wp\/v2\/users\/1"}],"replies":[{"embeddable":true,"href":"https:\/\/agora.xtec.cat\/ceip-drseres-alpicat\/wp-json\/wp\/v2\/comments?post=4489"}],"version-history":[{"count":3,"href":"https:\/\/agora.xtec.cat\/ceip-drseres-alpicat\/wp-json\/wp\/v2\/posts\/4489\/revisions"}],"predecessor-version":[{"id":4532,"href":"https:\/\/agora.xtec.cat\/ceip-drseres-alpicat\/wp-json\/wp\/v2\/posts\/4489\/revisions\/4532"}],"wp:featuredmedia":[{"embeddable":true,"href":"https:\/\/agora.xtec.cat\/ceip-drseres-alpicat\/wp-json\/wp\/v2\/media\/4490"}],"wp:attachment":[{"href":"https:\/\/agora.xtec.cat\/ceip-drseres-alpicat\/wp-json\/wp\/v2\/media?parent=4489"}],"wp:term":[{"taxonomy":"category","embeddable":true,"href":"https:\/\/agora.xtec.cat\/ceip-drseres-alpicat\/wp-json\/wp\/v2\/categories?post=4489"},{"taxonomy":"post_tag","embeddable":true,"href":"https:\/\/agora.xtec.cat\/ceip-drseres-alpicat\/wp-json\/wp\/v2\/tags?post=4489"}],"curies":[{"name":"wp","href":"https:\/\/api.w.org\/{rel}","templated":true}]}}