{"id":4238,"date":"2025-12-01T13:57:26","date_gmt":"2025-12-01T12:57:26","guid":{"rendered":"https:\/\/agora.xtec.cat\/ceip-drseres-alpicat\/?p=4238"},"modified":"2025-12-02T08:59:57","modified_gmt":"2025-12-02T07:59:57","slug":"jornada-musical-3","status":"publish","type":"post","link":"https:\/\/agora.xtec.cat\/ceip-drseres-alpicat\/general\/jornada-musical-3\/","title":{"rendered":"JORNADA MUSICAL"},"content":{"rendered":"<p>EL PASSAT DILLUNS 24 DE NOVEMBRE VAM CELEBRAR A L\u2019ESCOLA LA <strong>JORNADA MUSICAL<\/strong>, UN DIA MOLT ESPECIAL COMPARTIT ENTRE ALUMNAT, MESTRES I FAM\u00cdLIES.<\/p>\n<p data-start=\"387\" data-end=\"730\">LA JORNADA VA COMEN\u00c7AR AMB UN SEGUIT D\u2019<strong>AUDICIONS MUSICALS<\/strong>, ON ALGUNS INFANTS I FAM\u00cdLIES VAN PARTICIPAR COM A PROTAGONISTES, GAUDINT DE MOMENTS PLENS DE CREATIVITAT I ENTUSIASME. US AGRA\u00cfM MOLT\u00cdSSIM LA VOSTRA IMPLICACI\u00d3 I TOTES LES APORTACIONS QUE VAN FER POSSIBLE AQUESTA ESTONA TAN ENTRANYABLE.<\/p>\n<p data-start=\"732\" data-end=\"963\">DESPR\u00c9S DEL PATI, TOTA L\u2019ESCOLA ENS VAM REUNIR PER INTERPRETAR DE MANERA CONJUNTA LA CAN\u00c7\u00d3 <strong>\u201cMIRALL DE PAU\u201d<\/strong>, UN MOMENT DE COHESI\u00d3 I EMOCI\u00d3 QUE VA UNIR TOTES LES VEUS DEL CENTRE EN UN MISSATGE COMPARTIT DE CONVIV\u00c8NCIA I RESPECTE.<\/p>\n<p data-start=\"965\" data-end=\"1172\">I PER FINALITZAR, A LA TARDA, L\u2019ALUMNAT VA GAUDIR DE L\u2019ESPECTACLE ITINERANT <strong>\u201cCIRQUESTRA\u201d<\/strong> DE LA COMPANYIA <em><strong>IMPROVISTO\u2019S<\/strong><\/em>, QUE VA OMPLIR ELS ESPAIS DE L\u2019ESCOLA DE M\u00daSICA, HUMOR I PETITES DOSIS DE M\u00c0GIA.<\/p>\n<p data-start=\"1174\" data-end=\"1421\">VA ESTAR UNA JORNADA QUE ENS VA PERMETRE VIURE I CELEBRAR LA M\u00daSICA EN COMUNITAT. GR\u00c0CIES A TOTES LES FAM\u00cdLIES QUE VAU PODER PARTICIPAR-HI !!<\/p>\n<p data-start=\"1174\" data-end=\"1421\">\u00a0<a href=\"https:\/\/agora.xtec.cat\/ceip-drseres-alpicat\/wp-content\/uploads\/usu1665\/2025\/12\/ORQUESTRA-11.jpg\"><img loading=\"lazy\" decoding=\"async\" class=\"alignnone wp-image-4241\" src=\"https:\/\/agora.xtec.cat\/ceip-drseres-alpicat\/wp-content\/uploads\/usu1665\/2025\/12\/ORQUESTRA-11-1024x768.jpg\" alt=\"\" width=\"493\" height=\"369\" srcset=\"https:\/\/agora.xtec.cat\/ceip-drseres-alpicat\/wp-content\/uploads\/usu1665\/2025\/12\/ORQUESTRA-11-1024x768.jpg 1024w, https:\/\/agora.xtec.cat\/ceip-drseres-alpicat\/wp-content\/uploads\/usu1665\/2025\/12\/ORQUESTRA-11-300x225.jpg 300w, https:\/\/agora.xtec.cat\/ceip-drseres-alpicat\/wp-content\/uploads\/usu1665\/2025\/12\/ORQUESTRA-11-768x576.jpg 768w, https:\/\/agora.xtec.cat\/ceip-drseres-alpicat\/wp-content\/uploads\/usu1665\/2025\/12\/ORQUESTRA-11-200x150.jpg 200w, https:\/\/agora.xtec.cat\/ceip-drseres-alpicat\/wp-content\/uploads\/usu1665\/2025\/12\/ORQUESTRA-11.jpg 1032w\" sizes=\"auto, (max-width: 493px) 100vw, 493px\" \/><\/a><a href=\"https:\/\/agora.xtec.cat\/ceip-drseres-alpicat\/wp-content\/uploads\/usu1665\/2025\/12\/ORQUESTRA-22.jpg\"><img loading=\"lazy\" decoding=\"async\" class=\"alignnone wp-image-4240\" src=\"https:\/\/agora.xtec.cat\/ceip-drseres-alpicat\/wp-content\/uploads\/usu1665\/2025\/12\/ORQUESTRA-22-1024x768.jpg\" alt=\"\" width=\"480\" height=\"360\" srcset=\"https:\/\/agora.xtec.cat\/ceip-drseres-alpicat\/wp-content\/uploads\/usu1665\/2025\/12\/ORQUESTRA-22-1024x768.jpg 1024w, https:\/\/agora.xtec.cat\/ceip-drseres-alpicat\/wp-content\/uploads\/usu1665\/2025\/12\/ORQUESTRA-22-300x225.jpg 300w, https:\/\/agora.xtec.cat\/ceip-drseres-alpicat\/wp-content\/uploads\/usu1665\/2025\/12\/ORQUESTRA-22-768x576.jpg 768w, https:\/\/agora.xtec.cat\/ceip-drseres-alpicat\/wp-content\/uploads\/usu1665\/2025\/12\/ORQUESTRA-22-200x150.jpg 200w, https:\/\/agora.xtec.cat\/ceip-drseres-alpicat\/wp-content\/uploads\/usu1665\/2025\/12\/ORQUESTRA-22.jpg 1032w\" sizes=\"auto, (max-width: 480px) 100vw, 480px\" \/><\/a><\/p>\n<p data-start=\"1174\" data-end=\"1421\"><a href=\"https:\/\/agora.xtec.cat\/ceip-drseres-alpicat\/wp-content\/uploads\/usu1665\/2025\/12\/IMG_3076-2-scaled.jpg\"><img loading=\"lazy\" decoding=\"async\" class=\"alignnone wp-image-4246 size-large\" src=\"https:\/\/agora.xtec.cat\/ceip-drseres-alpicat\/wp-content\/uploads\/usu1665\/2025\/12\/IMG_3076-2-1024x768.jpg\" alt=\"\" width=\"1024\" height=\"768\" srcset=\"https:\/\/agora.xtec.cat\/ceip-drseres-alpicat\/wp-content\/uploads\/usu1665\/2025\/12\/IMG_3076-2-1024x768.jpg 1024w, https:\/\/agora.xtec.cat\/ceip-drseres-alpicat\/wp-content\/uploads\/usu1665\/2025\/12\/IMG_3076-2-300x225.jpg 300w, https:\/\/agora.xtec.cat\/ceip-drseres-alpicat\/wp-content\/uploads\/usu1665\/2025\/12\/IMG_3076-2-768x576.jpg 768w, https:\/\/agora.xtec.cat\/ceip-drseres-alpicat\/wp-content\/uploads\/usu1665\/2025\/12\/IMG_3076-2-1536x1152.jpg 1536w, https:\/\/agora.xtec.cat\/ceip-drseres-alpicat\/wp-content\/uploads\/usu1665\/2025\/12\/IMG_3076-2-2048x1536.jpg 2048w, https:\/\/agora.xtec.cat\/ceip-drseres-alpicat\/wp-content\/uploads\/usu1665\/2025\/12\/IMG_3076-2-200x150.jpg 200w\" sizes=\"auto, (max-width: 1024px) 100vw, 1024px\" \/><\/a><\/p>\n","protected":false},"excerpt":{"rendered":"<p>EL PASSAT DILLUNS 24 DE NOVEMBRE VAM CELEBRAR A L\u2019ESCOLA LA JORNADA MUSICAL, UN DIA MOLT ESPECIAL COMPARTIT ENTRE ALUMNAT, MESTRES I FAM\u00cdLIES.<br \/>\nLA JORNADA VA COMEN\u00c7AR AMB UN SEGUIT D\u2019AUDICIONS MUSICALS, ON ALGUNS INFANTS I FAM\u00cdLIES VAN PARTICIPAR COM A PROTAGONISTES, GAUDINT DE MOMENTS PLENS&hellip;  <a href=\"https:\/\/agora.xtec.cat\/ceip-drseres-alpicat\/general\/jornada-musical-3\/\" title=\"Read JORNADA MUSICAL\">Llegeix m\u00e9s\u00bb<\/a><\/p>\n","protected":false},"author":23,"featured_media":4241,"comment_status":"open","ping_status":"open","sticky":false,"template":"","format":"standard","meta":{"_bbp_topic_count":0,"_bbp_reply_count":0,"_bbp_total_topic_count":0,"_bbp_total_reply_count":0,"_bbp_voice_count":0,"_bbp_anonymous_reply_count":0,"_bbp_topic_count_hidden":0,"_bbp_reply_count_hidden":0,"_bbp_forum_subforum_count":0,"footnotes":""},"categories":[1,4],"tags":[],"class_list":["post-4238","post","type-post","status-publish","format-standard","has-post-thumbnail","hentry","category-general","category-portada"],"post_mailing_queue_ids":[],"_links":{"self":[{"href":"https:\/\/agora.xtec.cat\/ceip-drseres-alpicat\/wp-json\/wp\/v2\/posts\/4238","targetHints":{"allow":["GET"]}}],"collection":[{"href":"https:\/\/agora.xtec.cat\/ceip-drseres-alpicat\/wp-json\/wp\/v2\/posts"}],"about":[{"href":"https:\/\/agora.xtec.cat\/ceip-drseres-alpicat\/wp-json\/wp\/v2\/types\/post"}],"author":[{"embeddable":true,"href":"https:\/\/agora.xtec.cat\/ceip-drseres-alpicat\/wp-json\/wp\/v2\/users\/23"}],"replies":[{"embeddable":true,"href":"https:\/\/agora.xtec.cat\/ceip-drseres-alpicat\/wp-json\/wp\/v2\/comments?post=4238"}],"version-history":[{"count":3,"href":"https:\/\/agora.xtec.cat\/ceip-drseres-alpicat\/wp-json\/wp\/v2\/posts\/4238\/revisions"}],"predecessor-version":[{"id":4247,"href":"https:\/\/agora.xtec.cat\/ceip-drseres-alpicat\/wp-json\/wp\/v2\/posts\/4238\/revisions\/4247"}],"wp:featuredmedia":[{"embeddable":true,"href":"https:\/\/agora.xtec.cat\/ceip-drseres-alpicat\/wp-json\/wp\/v2\/media\/4241"}],"wp:attachment":[{"href":"https:\/\/agora.xtec.cat\/ceip-drseres-alpicat\/wp-json\/wp\/v2\/media?parent=4238"}],"wp:term":[{"taxonomy":"category","embeddable":true,"href":"https:\/\/agora.xtec.cat\/ceip-drseres-alpicat\/wp-json\/wp\/v2\/categories?post=4238"},{"taxonomy":"post_tag","embeddable":true,"href":"https:\/\/agora.xtec.cat\/ceip-drseres-alpicat\/wp-json\/wp\/v2\/tags?post=4238"}],"curies":[{"name":"wp","href":"https:\/\/api.w.org\/{rel}","templated":true}]}}