{"id":4233,"date":"2025-12-01T13:18:50","date_gmt":"2025-12-01T12:18:50","guid":{"rendered":"https:\/\/agora.xtec.cat\/ceip-drseres-alpicat\/?p=4233"},"modified":"2025-12-01T14:09:53","modified_gmt":"2025-12-01T13:09:53","slug":"pindola-de-formacio-del-dea","status":"publish","type":"post","link":"https:\/\/agora.xtec.cat\/ceip-drseres-alpicat\/general\/pindola-de-formacio-del-dea\/","title":{"rendered":"P\u00cdNDOLA DE FORMACI\u00d3 DEL DEA"},"content":{"rendered":"<p>El passat 13 de novembre el personal docent ha participat en una formaci\u00f3 sobre primers auxilis i \u00fas del Desfibril\u00b7lador Extern Autom\u00e0tic (DEA), impartida per <strong>Robert Hern\u00e1ndez<\/strong>. La sessi\u00f3 ha combinat teoria i pr\u00e0ctica, centrant-se en com actuar davant emerg\u00e8ncies habituals a l\u2019escola: valoraci\u00f3 inicial, ennuegaments, ferides, p\u00e8rdues de consci\u00e8ncia i aturades card\u00edaques.<\/p>\n<p>Els\/les mestres han practicat la <strong>RCP b\u00e0sica<\/strong>, l\u2019\u00fas del <strong>DEA<\/strong> i els protocols de coordinaci\u00f3 amb els serveis sanitaris, aix\u00ed com la gesti\u00f3 emocional en situacions d\u2019estr\u00e8s.<br \/>\nL\u2019objectiu principal ha estat capacitar el claustre per intervenir amb rapidesa i seguretat, refor\u00e7ant la confian\u00e7a i la coordinaci\u00f3 entre tots els professionals del centre.<\/p>\n<p>Una formaci\u00f3 que contribueix a garantir una resposta efica\u00e7 davant possibles incid\u00e8ncies dins de l\u2019entorn escolar.<\/p>\n<p>&nbsp;<\/p>\n<p><a href=\"https:\/\/agora.xtec.cat\/ceip-drseres-alpicat\/wp-content\/uploads\/usu1665\/2025\/12\/dea-11-rotated.jpg\"><img loading=\"lazy\" decoding=\"async\" class=\"alignnone wp-image-4234\" src=\"https:\/\/agora.xtec.cat\/ceip-drseres-alpicat\/wp-content\/uploads\/usu1665\/2025\/12\/dea-11-768x1024.jpg\" alt=\"\" width=\"261\" height=\"348\" srcset=\"https:\/\/agora.xtec.cat\/ceip-drseres-alpicat\/wp-content\/uploads\/usu1665\/2025\/12\/dea-11-768x1024.jpg 768w, https:\/\/agora.xtec.cat\/ceip-drseres-alpicat\/wp-content\/uploads\/usu1665\/2025\/12\/dea-11-225x300.jpg 225w, https:\/\/agora.xtec.cat\/ceip-drseres-alpicat\/wp-content\/uploads\/usu1665\/2025\/12\/dea-11-rotated.jpg 1024w\" sizes=\"auto, (max-width: 261px) 100vw, 261px\" \/><\/a><a href=\"https:\/\/agora.xtec.cat\/ceip-drseres-alpicat\/wp-content\/uploads\/usu1665\/2025\/12\/dea-22.jpg\"><img loading=\"lazy\" decoding=\"async\" class=\"alignnone wp-image-4235\" src=\"https:\/\/agora.xtec.cat\/ceip-drseres-alpicat\/wp-content\/uploads\/usu1665\/2025\/12\/dea-22-1024x576.jpg\" alt=\"\" width=\"618\" height=\"348\" srcset=\"https:\/\/agora.xtec.cat\/ceip-drseres-alpicat\/wp-content\/uploads\/usu1665\/2025\/12\/dea-22-1024x576.jpg 1024w, https:\/\/agora.xtec.cat\/ceip-drseres-alpicat\/wp-content\/uploads\/usu1665\/2025\/12\/dea-22-300x169.jpg 300w, https:\/\/agora.xtec.cat\/ceip-drseres-alpicat\/wp-content\/uploads\/usu1665\/2025\/12\/dea-22-768x432.jpg 768w, https:\/\/agora.xtec.cat\/ceip-drseres-alpicat\/wp-content\/uploads\/usu1665\/2025\/12\/dea-22-1536x864.jpg 1536w, https:\/\/agora.xtec.cat\/ceip-drseres-alpicat\/wp-content\/uploads\/usu1665\/2025\/12\/dea-22.jpg 1840w\" sizes=\"auto, (max-width: 618px) 100vw, 618px\" \/><\/a><\/p>\n","protected":false},"excerpt":{"rendered":"<p>El passat 13 de novembre el personal docent ha participat en una formaci\u00f3 sobre primers auxilis i \u00fas del Desfibril\u00b7lador Extern Autom\u00e0tic (DEA), impartida per Robert Hern\u00e1ndez. La sessi\u00f3 ha combinat teoria i pr\u00e0ctica, centrant-se en com actuar davant emerg\u00e8ncies habituals a l\u2019escola: valoraci\u00f3 inicial,&hellip;  <a href=\"https:\/\/agora.xtec.cat\/ceip-drseres-alpicat\/general\/pindola-de-formacio-del-dea\/\" title=\"Read P\u00cdNDOLA DE FORMACI\u00d3 DEL DEA\">Llegeix m\u00e9s\u00bb<\/a><\/p>\n","protected":false},"author":23,"featured_media":4234,"comment_status":"open","ping_status":"open","sticky":false,"template":"","format":"standard","meta":{"_bbp_topic_count":0,"_bbp_reply_count":0,"_bbp_total_topic_count":0,"_bbp_total_reply_count":0,"_bbp_voice_count":0,"_bbp_anonymous_reply_count":0,"_bbp_topic_count_hidden":0,"_bbp_reply_count_hidden":0,"_bbp_forum_subforum_count":0,"footnotes":""},"categories":[1,4],"tags":[],"class_list":["post-4233","post","type-post","status-publish","format-standard","has-post-thumbnail","hentry","category-general","category-portada"],"post_mailing_queue_ids":[],"_links":{"self":[{"href":"https:\/\/agora.xtec.cat\/ceip-drseres-alpicat\/wp-json\/wp\/v2\/posts\/4233","targetHints":{"allow":["GET"]}}],"collection":[{"href":"https:\/\/agora.xtec.cat\/ceip-drseres-alpicat\/wp-json\/wp\/v2\/posts"}],"about":[{"href":"https:\/\/agora.xtec.cat\/ceip-drseres-alpicat\/wp-json\/wp\/v2\/types\/post"}],"author":[{"embeddable":true,"href":"https:\/\/agora.xtec.cat\/ceip-drseres-alpicat\/wp-json\/wp\/v2\/users\/23"}],"replies":[{"embeddable":true,"href":"https:\/\/agora.xtec.cat\/ceip-drseres-alpicat\/wp-json\/wp\/v2\/comments?post=4233"}],"version-history":[{"count":3,"href":"https:\/\/agora.xtec.cat\/ceip-drseres-alpicat\/wp-json\/wp\/v2\/posts\/4233\/revisions"}],"predecessor-version":[{"id":4243,"href":"https:\/\/agora.xtec.cat\/ceip-drseres-alpicat\/wp-json\/wp\/v2\/posts\/4233\/revisions\/4243"}],"wp:featuredmedia":[{"embeddable":true,"href":"https:\/\/agora.xtec.cat\/ceip-drseres-alpicat\/wp-json\/wp\/v2\/media\/4234"}],"wp:attachment":[{"href":"https:\/\/agora.xtec.cat\/ceip-drseres-alpicat\/wp-json\/wp\/v2\/media?parent=4233"}],"wp:term":[{"taxonomy":"category","embeddable":true,"href":"https:\/\/agora.xtec.cat\/ceip-drseres-alpicat\/wp-json\/wp\/v2\/categories?post=4233"},{"taxonomy":"post_tag","embeddable":true,"href":"https:\/\/agora.xtec.cat\/ceip-drseres-alpicat\/wp-json\/wp\/v2\/tags?post=4233"}],"curies":[{"name":"wp","href":"https:\/\/api.w.org\/{rel}","templated":true}]}}