{"id":4200,"date":"2025-11-04T18:42:54","date_gmt":"2025-11-04T17:42:54","guid":{"rendered":"https:\/\/agora.xtec.cat\/ceip-drseres-alpicat\/?p=4200"},"modified":"2025-11-04T18:43:49","modified_gmt":"2025-11-04T17:43:49","slug":"eleccions-als-consells-escolars","status":"publish","type":"post","link":"https:\/\/agora.xtec.cat\/ceip-drseres-alpicat\/general\/eleccions-als-consells-escolars\/","title":{"rendered":"Eleccions als consells escolars"},"content":{"rendered":"<p style=\"font-weight: 400;\">D&#8217;acord amb la Llei org\u00e0nica 2\/2006, de 3 de maig, el Decret 102\/2010, de 3 d&#8217;agost, d&#8217;autonomia dels centres educatius, i la RESOLUCI\u00d3 EDF\/2520\/2025, de 30 de juny, per la qual s&#8217;estableix el calendari i el r\u00e8gim del proc\u00e9s electoral per renovar els membres dels\u00a0consells\u00a0escolars\u00a0dels centres p\u00fablics i privats sostinguts amb fons p\u00fablics, el dia 30 d&#8217;octubre s&#8217;obre La CONVOCAT\u00d2RIA D&#8217;ELECCIONS\u00a0AL\u00a0CONSELL\u00a0ESCOLAR\u00a0d&#8217;aquest centre docent p\u00fablic als sectors de la Comunitat Educativa. El calendari del proc\u00e9s \u00e9s el seg\u00fcent:<\/p>\n<p style=\"font-weight: 400;\">1.-\u00a0<strong>Del\u00a04 al 20 de novembre de 2025\u00a0<\/strong>al\u00a0hall de l&#8217;escola\u00a0hi haur\u00e0 exposat el llistat\u00a0 de tots els pares, mares i tutors\/es legals d&#8217;alumnes.\u00a0<strong>Del dia\u00a05\u00a0al\u00a0dia 7 de novembre<\/strong>\u00a0es poden presentar reclamacions als censos. La pres\u00e8ncia en l&#8217;esmentat llistat d\u00f3na dret a presentar-se com a candidat i\/o a emetre vot per a elegir els representants de les fam\u00edlies en l&#8217;esmentat\u00a0Consell\u00a0Escolar.<\/p>\n<p style=\"font-weight: 400;\">2.- Els pares o mares que desitgin presentar-se com a candidats per a \u00e9sser elegits, hauran d&#8217;omplir una butlleta (adjuntada en aquest correu electr\u00f2nic) degudament complimentada i lliurar-la a la direcci\u00f3 de l\u2019escola\u00a0<strong>fins el dimecres 12 de novembre de 2025<\/strong>.<\/p>\n<p style=\"font-weight: 400;\">3.- El nombre de representants de les\/dels mares\/pares en el\u00a0Consell\u00a0Escolar\u00a0d&#8217;aquest centre \u00e9s de CINC m\u00e9s el\/la representant de l&#8217;AFA, dels quals TRES s&#8217;han de renovar. Si, per qualsevol motiu, no hi hagu\u00e9s cap candidatura, d&#8217;acord amb la normativa vigent\u00a0<em>&#8220;tots els membres del sector passaran a \u00e9sser elegibles&#8221;<\/em>.<\/p>\n<p style=\"font-weight: 400;\">4.-\u00a0<strong>El dimecres\u00a05\u00a0de novembre de 2025, a les 15.30h<\/strong>\u00a0al\u00a0hall de l&#8217;escola\u00a0es procedir\u00e0\u00a0al\u00a0sorteig en sessi\u00f3 p\u00fablica per a la designaci\u00f3 de DOS mares\/pares que, juntament amb la directora de l\u2019escola\u00a0formaran la MESA ELECTORAL del sector de les fam\u00edlies d&#8217;alumnes. Aix\u00ed mateix, es procedir\u00e0\u00a0al\u00a0sorteig de QUATRE mares\/pares suplents. Si algun dels mares\/pares designats no pogu\u00e9s composar la Mesa Electoral, ho comunicar\u00e0 per escrit a la directora de l\u2019escola\u00a0i aquesta resoldr\u00e0. El\u00a0<strong>dilluns 10 de novembre de 2025 a les 16h<\/strong>\u00a0es constituir\u00e0 la mesa electoral<\/p>\n<p style=\"font-weight: 400;\">5.-\u00a0<strong>El dijous 13 de novembre de 2025<\/strong>\u00a0\u00e9s la data l\u00edmit per demanar a la direcci\u00f3 del centre de ser supervisor el dia de la votaci\u00f3 (adjuntem model en aquest mateix correu electr\u00f2nic).<\/p>\n<p style=\"font-weight: 400;\">6.-\u00a0<strong>El dilluns 10 de novembre de 2025<\/strong>\u00a0es publicaran: la resoluci\u00f3 de les reclamacions dels censos, els censos definitius i el\u00a0<strong>dimecres 12 de novembre de 2025<\/strong>\u00a0les candidatures.<\/p>\n<p style=\"font-weight: 400;\">7.- Les\u00a0eleccions\u00a0del sector de fam\u00edlies d&#8217;alumnes es realitzaran\u00a0<strong>el dijous\u00a020 de novembre de 2025 de les 12h a les 17.30h<\/strong> al\u00a0hall l\u2019escola. Immediatament despr\u00e9s de l\u2019escrutini es publicar\u00e0 el resultat de les votacions en acta p\u00fablica.<\/p>\n<p style=\"font-weight: 400;\">8.- La constituci\u00f3 del nou consell escolar ser\u00e0 el\u00a0<strong>dimarts<\/strong>\u00a0<strong>16 de desembre de 2025<\/strong>.<\/p>\n<p>&nbsp;<\/p>\n<p><a href=\"https:\/\/agora.xtec.cat\/ceip-drseres-alpicat\/wp-content\/uploads\/usu1665\/2025\/11\/Cartells_removed_page-0001.jpg\"><img loading=\"lazy\" decoding=\"async\" class=\"aligncenter wp-image-4201 size-large\" src=\"https:\/\/agora.xtec.cat\/ceip-drseres-alpicat\/wp-content\/uploads\/usu1665\/2025\/11\/Cartells_removed_page-0001-725x1024.jpg\" alt=\"\" width=\"725\" height=\"1024\" srcset=\"https:\/\/agora.xtec.cat\/ceip-drseres-alpicat\/wp-content\/uploads\/usu1665\/2025\/11\/Cartells_removed_page-0001-725x1024.jpg 725w, https:\/\/agora.xtec.cat\/ceip-drseres-alpicat\/wp-content\/uploads\/usu1665\/2025\/11\/Cartells_removed_page-0001-212x300.jpg 212w, https:\/\/agora.xtec.cat\/ceip-drseres-alpicat\/wp-content\/uploads\/usu1665\/2025\/11\/Cartells_removed_page-0001-768x1085.jpg 768w, https:\/\/agora.xtec.cat\/ceip-drseres-alpicat\/wp-content\/uploads\/usu1665\/2025\/11\/Cartells_removed_page-0001-1087x1536.jpg 1087w, https:\/\/agora.xtec.cat\/ceip-drseres-alpicat\/wp-content\/uploads\/usu1665\/2025\/11\/Cartells_removed_page-0001.jpg 1241w\" sizes=\"auto, (max-width: 725px) 100vw, 725px\" \/><\/a><\/p>\n","protected":false},"excerpt":{"rendered":"<p>D&#8217;acord amb la Llei org\u00e0nica 2\/2006, de 3 de maig, el Decret 102\/2010, de 3 d&#8217;agost, d&#8217;autonomia dels centres educatius, i la RESOLUCI\u00d3 EDF\/2520\/2025, de 30 de juny, per la qual s&#8217;estableix el calendari i el r\u00e8gim del proc\u00e9s electoral per renovar els membres dels\u00a0consells\u00a0escolars\u00a0dels&hellip;  <a href=\"https:\/\/agora.xtec.cat\/ceip-drseres-alpicat\/general\/eleccions-als-consells-escolars\/\" title=\"Read Eleccions als consells escolars\">Llegeix m\u00e9s\u00bb<\/a><\/p>\n","protected":false},"author":1,"featured_media":4201,"comment_status":"open","ping_status":"open","sticky":false,"template":"","format":"standard","meta":{"_bbp_topic_count":0,"_bbp_reply_count":0,"_bbp_total_topic_count":0,"_bbp_total_reply_count":0,"_bbp_voice_count":0,"_bbp_anonymous_reply_count":0,"_bbp_topic_count_hidden":0,"_bbp_reply_count_hidden":0,"_bbp_forum_subforum_count":0,"footnotes":""},"categories":[1,2,4,5],"tags":[],"class_list":["post-4200","post","type-post","status-publish","format-standard","has-post-thumbnail","hentry","category-general","category-infantil","category-portada","category-primaria"],"post_mailing_queue_ids":[],"_links":{"self":[{"href":"https:\/\/agora.xtec.cat\/ceip-drseres-alpicat\/wp-json\/wp\/v2\/posts\/4200","targetHints":{"allow":["GET"]}}],"collection":[{"href":"https:\/\/agora.xtec.cat\/ceip-drseres-alpicat\/wp-json\/wp\/v2\/posts"}],"about":[{"href":"https:\/\/agora.xtec.cat\/ceip-drseres-alpicat\/wp-json\/wp\/v2\/types\/post"}],"author":[{"embeddable":true,"href":"https:\/\/agora.xtec.cat\/ceip-drseres-alpicat\/wp-json\/wp\/v2\/users\/1"}],"replies":[{"embeddable":true,"href":"https:\/\/agora.xtec.cat\/ceip-drseres-alpicat\/wp-json\/wp\/v2\/comments?post=4200"}],"version-history":[{"count":1,"href":"https:\/\/agora.xtec.cat\/ceip-drseres-alpicat\/wp-json\/wp\/v2\/posts\/4200\/revisions"}],"predecessor-version":[{"id":4202,"href":"https:\/\/agora.xtec.cat\/ceip-drseres-alpicat\/wp-json\/wp\/v2\/posts\/4200\/revisions\/4202"}],"wp:featuredmedia":[{"embeddable":true,"href":"https:\/\/agora.xtec.cat\/ceip-drseres-alpicat\/wp-json\/wp\/v2\/media\/4201"}],"wp:attachment":[{"href":"https:\/\/agora.xtec.cat\/ceip-drseres-alpicat\/wp-json\/wp\/v2\/media?parent=4200"}],"wp:term":[{"taxonomy":"category","embeddable":true,"href":"https:\/\/agora.xtec.cat\/ceip-drseres-alpicat\/wp-json\/wp\/v2\/categories?post=4200"},{"taxonomy":"post_tag","embeddable":true,"href":"https:\/\/agora.xtec.cat\/ceip-drseres-alpicat\/wp-json\/wp\/v2\/tags?post=4200"}],"curies":[{"name":"wp","href":"https:\/\/api.w.org\/{rel}","templated":true}]}}