{"id":4062,"date":"2025-09-22T13:54:45","date_gmt":"2025-09-22T11:54:45","guid":{"rendered":"https:\/\/agora.xtec.cat\/ceip-drseres-alpicat\/?p=4062"},"modified":"2025-09-27T11:29:35","modified_gmt":"2025-09-27T09:29:35","slug":"entrevista-a-alpicat-radio","status":"publish","type":"post","link":"https:\/\/agora.xtec.cat\/ceip-drseres-alpicat\/general\/entrevista-a-alpicat-radio\/","title":{"rendered":"Entrevista a Alpicat R\u00e0dio"},"content":{"rendered":"<p style=\"text-align: center;\"><a href=\"https:\/\/agora.xtec.cat\/ceip-drseres-alpicat\/wp-content\/uploads\/usu1665\/2025\/05\/cargol-radio.webp\"><img loading=\"lazy\" decoding=\"async\" class=\"alignnone size-full wp-image-3939\" src=\"https:\/\/agora.xtec.cat\/ceip-drseres-alpicat\/wp-content\/uploads\/usu1665\/2025\/05\/cargol-radio.webp\" alt=\"\" width=\"146\" height=\"150\" \/><\/a><\/p>\n<p>L&#8217;Olga Niub\u00f3, directora de l&#8217;escola Doctor Ser\u00e9s i la Judit Vilalta, secret\u00e0ria, van estar a Alpicat R\u00e0dio la setmana passada per explicar com ha anat l&#8217;arrencada del nou curs 2025\/26.<\/p>\n<p>Podeu escoltar l&#8217;entrevista al seg\u00fcent enlla\u00e7:<\/p>\n<p><a href=\"https:\/\/www.alpicatradio.com\/programs\/parlem-ne-alpicat\/alpicatradio_podcast_19952\">https:\/\/www.alpicatradio.com\/programs\/parlem-ne-alpicat\/alpicatradio_podcast_19952<\/a><\/p>\n","protected":false},"excerpt":{"rendered":"<p><a href=\"https:\/\/agora.xtec.cat\/ceip-drseres-alpicat\/wp-content\/uploads\/usu1665\/2025\/05\/cargol-radio.webp\"><\/a><br \/>\nL&#8217;Olga Niub\u00f3, directora de l&#8217;escola Doctor Ser\u00e9s i la Judit Vilalta, secret\u00e0ria, van estar a Alpicat R\u00e0dio la setmana passada per explicar com ha anat l&#8217;arrencada del nou curs 2025\/26.<br \/>\nPodeu escoltar l&#8217;entrevista al seg\u00fcent enlla\u00e7:<br \/>\n<a href=\"https:\/\/www.alpicatradio.com\/programs\/parlem-ne-alpicat\/alpicatradio_podcast_19952\">https:\/\/www.alpicatradio.com\/programs\/parlem-ne-alpicat\/alpicatradio_podcast_19952<\/a><\/p>\n","protected":false},"author":23,"featured_media":3939,"comment_status":"open","ping_status":"open","sticky":false,"template":"","format":"standard","meta":{"_bbp_topic_count":0,"_bbp_reply_count":0,"_bbp_total_topic_count":0,"_bbp_total_reply_count":0,"_bbp_voice_count":0,"_bbp_anonymous_reply_count":0,"_bbp_topic_count_hidden":0,"_bbp_reply_count_hidden":0,"_bbp_forum_subforum_count":0,"footnotes":""},"categories":[1,4],"tags":[],"class_list":["post-4062","post","type-post","status-publish","format-standard","has-post-thumbnail","hentry","category-general","category-portada"],"post_mailing_queue_ids":[],"_links":{"self":[{"href":"https:\/\/agora.xtec.cat\/ceip-drseres-alpicat\/wp-json\/wp\/v2\/posts\/4062","targetHints":{"allow":["GET"]}}],"collection":[{"href":"https:\/\/agora.xtec.cat\/ceip-drseres-alpicat\/wp-json\/wp\/v2\/posts"}],"about":[{"href":"https:\/\/agora.xtec.cat\/ceip-drseres-alpicat\/wp-json\/wp\/v2\/types\/post"}],"author":[{"embeddable":true,"href":"https:\/\/agora.xtec.cat\/ceip-drseres-alpicat\/wp-json\/wp\/v2\/users\/23"}],"replies":[{"embeddable":true,"href":"https:\/\/agora.xtec.cat\/ceip-drseres-alpicat\/wp-json\/wp\/v2\/comments?post=4062"}],"version-history":[{"count":4,"href":"https:\/\/agora.xtec.cat\/ceip-drseres-alpicat\/wp-json\/wp\/v2\/posts\/4062\/revisions"}],"predecessor-version":[{"id":4085,"href":"https:\/\/agora.xtec.cat\/ceip-drseres-alpicat\/wp-json\/wp\/v2\/posts\/4062\/revisions\/4085"}],"wp:featuredmedia":[{"embeddable":true,"href":"https:\/\/agora.xtec.cat\/ceip-drseres-alpicat\/wp-json\/wp\/v2\/media\/3939"}],"wp:attachment":[{"href":"https:\/\/agora.xtec.cat\/ceip-drseres-alpicat\/wp-json\/wp\/v2\/media?parent=4062"}],"wp:term":[{"taxonomy":"category","embeddable":true,"href":"https:\/\/agora.xtec.cat\/ceip-drseres-alpicat\/wp-json\/wp\/v2\/categories?post=4062"},{"taxonomy":"post_tag","embeddable":true,"href":"https:\/\/agora.xtec.cat\/ceip-drseres-alpicat\/wp-json\/wp\/v2\/tags?post=4062"}],"curies":[{"name":"wp","href":"https:\/\/api.w.org\/{rel}","templated":true}]}}