{"id":4043,"date":"2025-09-15T12:57:00","date_gmt":"2025-09-15T10:57:00","guid":{"rendered":"https:\/\/agora.xtec.cat\/ceip-drseres-alpicat\/?p=4043"},"modified":"2025-09-15T12:57:00","modified_gmt":"2025-09-15T10:57:00","slug":"activitats-infantils-de-la-biblioteca-sant-bartomeu","status":"publish","type":"post","link":"https:\/\/agora.xtec.cat\/ceip-drseres-alpicat\/general\/activitats-infantils-de-la-biblioteca-sant-bartomeu\/","title":{"rendered":"Activitats infantils de la Biblioteca Sant Bartomeu"},"content":{"rendered":"<p><a href=\"https:\/\/agora.xtec.cat\/ceip-drseres-alpicat\/wp-content\/uploads\/usu1665\/2025\/09\/logo3.jpg\"><img loading=\"lazy\" decoding=\"async\" class=\"alignnone size-large wp-image-4046\" src=\"https:\/\/agora.xtec.cat\/ceip-drseres-alpicat\/wp-content\/uploads\/usu1665\/2025\/09\/logo3-1024x147.jpg\" alt=\"\" width=\"1024\" height=\"147\" srcset=\"https:\/\/agora.xtec.cat\/ceip-drseres-alpicat\/wp-content\/uploads\/usu1665\/2025\/09\/logo3-1024x147.jpg 1024w, https:\/\/agora.xtec.cat\/ceip-drseres-alpicat\/wp-content\/uploads\/usu1665\/2025\/09\/logo3-300x43.jpg 300w, https:\/\/agora.xtec.cat\/ceip-drseres-alpicat\/wp-content\/uploads\/usu1665\/2025\/09\/logo3-768x111.jpg 768w, https:\/\/agora.xtec.cat\/ceip-drseres-alpicat\/wp-content\/uploads\/usu1665\/2025\/09\/logo3.jpg 1132w\" sizes=\"auto, (max-width: 1024px) 100vw, 1024px\" \/><\/a><\/p>\n<p>La Biblioteca Sant Bartomeu organitza les seg\u00fcents activitats per aquest curs 2025-26:<\/p>\n<p><strong>BiblioCromo<\/strong><\/p>\n<p>Activitat de promoci\u00f3 de lectura en fam\u00edlia adre\u00e7ada a infants de I3, I4 i I5. La biblioteca ofereix tres \u00e0lbums de cromos diferents. Aquestes lectures compartides proporcionen cromos que els infants col\u00b7leccionen. Al finalitzar cada \u00e0lbum s\u2019obsequia amb una entrada familiar per un espectacle de pagament al teatre La Uni\u00f3. Cada fam\u00edlia marca el seu ritme lector i dura tot l\u2019any.<\/p>\n<p><strong>BiblioTram<\/strong><\/p>\n<p>Activitat de promoci\u00f3 de la lectura adre\u00e7ada a l\u2019alumnat de Prim\u00e0ria, de 1r fins a 6\u00e8. Tramvia de lectura que els porta a 8 estacions diferents (llibres de: coneixement, poesia, c\u00f2mic, exposats, Mussol -recomanats-, revista, biografia i el meu punt -per edat-). Un cop passades les vuit estacions fan un rasca-rasca individual. Els\u00a0 premis que poden aconseguir s\u00f3n: entrada de cinema JCA, entrada La Uni\u00f3, entrada Parc de Nadal, 2 regal estrella i obsequi de la biblioteca. Cada participant marca el seu propi ritme i \u00e9s una activitat que dura tot l\u2019any.<\/p>\n<p><strong>Clubs de lectura infantils<\/strong><\/p>\n<p>Activitat de promoci\u00f3 de la lectura adre\u00e7ada a infants de Prim\u00e0ria. S\u2019ofereixen 3 clubs: Club Cicle Inicial, Club Cicle Mitj\u00e0 i Club Cicle Superior. Es llegeix un llibre per mes. Les trobades s\u00f3n en dimarts de 18:00 a 19:00h a la biblioteca.\u00a0 Als membres inscrits se&#8217;ls hi proporcionar\u00e0 els llibres. Places limitades. L\u2019activitat dura d\u2019octubre a maig.<\/p>\n<p style=\"text-align: center;\"><em><strong>Us animem a participar!!<\/strong><\/em><\/p>\n<p>&nbsp;<\/p>\n<p>&nbsp;<\/p>\n","protected":false},"excerpt":{"rendered":"<p><a href=\"https:\/\/agora.xtec.cat\/ceip-drseres-alpicat\/wp-content\/uploads\/usu1665\/2025\/09\/logo3.jpg\"><\/a><br \/>\nLa Biblioteca Sant Bartomeu organitza les seg\u00fcents activitats per aquest curs 2025-26:<br \/>\nBiblioCromo<br \/>\nActivitat de promoci\u00f3 de lectura en fam\u00edlia adre\u00e7ada a infants de I3, I4 i I5. La biblioteca ofereix tres \u00e0lbums de cromos diferents. Aquestes lectures compartides proporcionen cromos que els infants col\u00b7leccionen. Al&hellip;  <a href=\"https:\/\/agora.xtec.cat\/ceip-drseres-alpicat\/general\/activitats-infantils-de-la-biblioteca-sant-bartomeu\/\" title=\"Read Activitats infantils de la Biblioteca Sant Bartomeu\">Llegeix m\u00e9s\u00bb<\/a><\/p>\n","protected":false},"author":23,"featured_media":4046,"comment_status":"open","ping_status":"open","sticky":false,"template":"","format":"standard","meta":{"_bbp_topic_count":0,"_bbp_reply_count":0,"_bbp_total_topic_count":0,"_bbp_total_reply_count":0,"_bbp_voice_count":0,"_bbp_anonymous_reply_count":0,"_bbp_topic_count_hidden":0,"_bbp_reply_count_hidden":0,"_bbp_forum_subforum_count":0,"footnotes":""},"categories":[1,4],"tags":[],"class_list":["post-4043","post","type-post","status-publish","format-standard","has-post-thumbnail","hentry","category-general","category-portada"],"post_mailing_queue_ids":[],"_links":{"self":[{"href":"https:\/\/agora.xtec.cat\/ceip-drseres-alpicat\/wp-json\/wp\/v2\/posts\/4043","targetHints":{"allow":["GET"]}}],"collection":[{"href":"https:\/\/agora.xtec.cat\/ceip-drseres-alpicat\/wp-json\/wp\/v2\/posts"}],"about":[{"href":"https:\/\/agora.xtec.cat\/ceip-drseres-alpicat\/wp-json\/wp\/v2\/types\/post"}],"author":[{"embeddable":true,"href":"https:\/\/agora.xtec.cat\/ceip-drseres-alpicat\/wp-json\/wp\/v2\/users\/23"}],"replies":[{"embeddable":true,"href":"https:\/\/agora.xtec.cat\/ceip-drseres-alpicat\/wp-json\/wp\/v2\/comments?post=4043"}],"version-history":[{"count":3,"href":"https:\/\/agora.xtec.cat\/ceip-drseres-alpicat\/wp-json\/wp\/v2\/posts\/4043\/revisions"}],"predecessor-version":[{"id":4049,"href":"https:\/\/agora.xtec.cat\/ceip-drseres-alpicat\/wp-json\/wp\/v2\/posts\/4043\/revisions\/4049"}],"wp:featuredmedia":[{"embeddable":true,"href":"https:\/\/agora.xtec.cat\/ceip-drseres-alpicat\/wp-json\/wp\/v2\/media\/4046"}],"wp:attachment":[{"href":"https:\/\/agora.xtec.cat\/ceip-drseres-alpicat\/wp-json\/wp\/v2\/media?parent=4043"}],"wp:term":[{"taxonomy":"category","embeddable":true,"href":"https:\/\/agora.xtec.cat\/ceip-drseres-alpicat\/wp-json\/wp\/v2\/categories?post=4043"},{"taxonomy":"post_tag","embeddable":true,"href":"https:\/\/agora.xtec.cat\/ceip-drseres-alpicat\/wp-json\/wp\/v2\/tags?post=4043"}],"curies":[{"name":"wp","href":"https:\/\/api.w.org\/{rel}","templated":true}]}}