{"id":3983,"date":"2025-06-18T14:25:41","date_gmt":"2025-06-18T12:25:41","guid":{"rendered":"https:\/\/agora.xtec.cat\/ceip-drseres-alpicat\/?p=3983"},"modified":"2025-06-18T14:25:41","modified_gmt":"2025-06-18T12:25:41","slug":"festa-de-la-lectura","status":"publish","type":"post","link":"https:\/\/agora.xtec.cat\/ceip-drseres-alpicat\/general\/festa-de-la-lectura\/","title":{"rendered":"FESTA DE LA LECTURA"},"content":{"rendered":"<p><span style=\"font-family: 'Arial','sans-serif';\">El passat 13 de juny es va celebrar la festa de la lectura amb els guanyadors i guanyadores de cada final territorial del XXI Certamen de Lectura en Veu Alta. L&#8217;acte va tenir lloc a l&#8217;auditori Illa Diagonal de Barcelona, organitzat per\u00a0 la Fundaci\u00f3 Enciclop\u00e8dia Catalana i el Departament d&#8217;Educaci\u00f3. L&#8217;alumna de 6\u00e8, Lola Barber\u00e0, va participar en la festa de la lectura com a guanyadora de la final territorial de Lleida.\u00a0<\/span><\/p>\n<p><span style=\"font-family: 'Arial','sans-serif';\">Moltes felicitats!!<\/span><\/p>\n<p><a href=\"https:\/\/youtube.com\/live\/FS1ZPIFPtQA\">Cliqueu aqu\u00ed<\/a> si voleu veure la gravaci\u00f3 de l&#8217;acte.<\/p>\n<p><a href=\"https:\/\/agora.xtec.cat\/ceip-drseres-alpicat\/wp-content\/uploads\/usu1665\/2025\/06\/festa.jpg\"><img loading=\"lazy\" decoding=\"async\" class=\"alignnone wp-image-4009\" src=\"https:\/\/agora.xtec.cat\/ceip-drseres-alpicat\/wp-content\/uploads\/usu1665\/2025\/06\/festa-1024x769.jpg\" alt=\"\" width=\"318\" height=\"239\" srcset=\"https:\/\/agora.xtec.cat\/ceip-drseres-alpicat\/wp-content\/uploads\/usu1665\/2025\/06\/festa-1024x769.jpg 1024w, https:\/\/agora.xtec.cat\/ceip-drseres-alpicat\/wp-content\/uploads\/usu1665\/2025\/06\/festa-300x225.jpg 300w, https:\/\/agora.xtec.cat\/ceip-drseres-alpicat\/wp-content\/uploads\/usu1665\/2025\/06\/festa-768x576.jpg 768w, https:\/\/agora.xtec.cat\/ceip-drseres-alpicat\/wp-content\/uploads\/usu1665\/2025\/06\/festa-1536x1153.jpg 1536w, https:\/\/agora.xtec.cat\/ceip-drseres-alpicat\/wp-content\/uploads\/usu1665\/2025\/06\/festa-200x150.jpg 200w, https:\/\/agora.xtec.cat\/ceip-drseres-alpicat\/wp-content\/uploads\/usu1665\/2025\/06\/festa.jpg 2048w\" sizes=\"auto, (max-width: 318px) 100vw, 318px\" \/>\u00a0\u00a0\u00a0\u00a0 <\/a><a href=\"https:\/\/agora.xtec.cat\/ceip-drseres-alpicat\/wp-content\/uploads\/usu1665\/2025\/06\/festa-lectura.jpg\"><img loading=\"lazy\" decoding=\"async\" class=\"alignnone wp-image-4010\" src=\"https:\/\/agora.xtec.cat\/ceip-drseres-alpicat\/wp-content\/uploads\/usu1665\/2025\/06\/festa-lectura-1024x769.jpg\" alt=\"\" width=\"317\" height=\"238\" srcset=\"https:\/\/agora.xtec.cat\/ceip-drseres-alpicat\/wp-content\/uploads\/usu1665\/2025\/06\/festa-lectura-1024x769.jpg 1024w, https:\/\/agora.xtec.cat\/ceip-drseres-alpicat\/wp-content\/uploads\/usu1665\/2025\/06\/festa-lectura-300x225.jpg 300w, https:\/\/agora.xtec.cat\/ceip-drseres-alpicat\/wp-content\/uploads\/usu1665\/2025\/06\/festa-lectura-768x576.jpg 768w, https:\/\/agora.xtec.cat\/ceip-drseres-alpicat\/wp-content\/uploads\/usu1665\/2025\/06\/festa-lectura-1536x1153.jpg 1536w, https:\/\/agora.xtec.cat\/ceip-drseres-alpicat\/wp-content\/uploads\/usu1665\/2025\/06\/festa-lectura-200x150.jpg 200w, https:\/\/agora.xtec.cat\/ceip-drseres-alpicat\/wp-content\/uploads\/usu1665\/2025\/06\/festa-lectura.jpg 1600w\" sizes=\"auto, (max-width: 317px) 100vw, 317px\" \/><\/a><\/p>\n<p>&nbsp;<\/p>\n","protected":false},"excerpt":{"rendered":"<p>El passat 13 de juny es va celebrar la festa de la lectura amb els guanyadors i guanyadores de cada final territorial del XXI Certamen de Lectura en Veu Alta. L&#8217;acte va tenir lloc a l&#8217;auditori Illa Diagonal de Barcelona, organitzat per\u00a0 la Fundaci\u00f3 Enciclop\u00e8dia&hellip;  <a href=\"https:\/\/agora.xtec.cat\/ceip-drseres-alpicat\/general\/festa-de-la-lectura\/\" title=\"Read FESTA DE LA LECTURA\">Llegeix m\u00e9s\u00bb<\/a><\/p>\n","protected":false},"author":23,"featured_media":4010,"comment_status":"open","ping_status":"open","sticky":false,"template":"","format":"standard","meta":{"_bbp_topic_count":0,"_bbp_reply_count":0,"_bbp_total_topic_count":0,"_bbp_total_reply_count":0,"_bbp_voice_count":0,"_bbp_anonymous_reply_count":0,"_bbp_topic_count_hidden":0,"_bbp_reply_count_hidden":0,"_bbp_forum_subforum_count":0,"footnotes":""},"categories":[1,4],"tags":[],"class_list":["post-3983","post","type-post","status-publish","format-standard","has-post-thumbnail","hentry","category-general","category-portada"],"post_mailing_queue_ids":[],"_links":{"self":[{"href":"https:\/\/agora.xtec.cat\/ceip-drseres-alpicat\/wp-json\/wp\/v2\/posts\/3983","targetHints":{"allow":["GET"]}}],"collection":[{"href":"https:\/\/agora.xtec.cat\/ceip-drseres-alpicat\/wp-json\/wp\/v2\/posts"}],"about":[{"href":"https:\/\/agora.xtec.cat\/ceip-drseres-alpicat\/wp-json\/wp\/v2\/types\/post"}],"author":[{"embeddable":true,"href":"https:\/\/agora.xtec.cat\/ceip-drseres-alpicat\/wp-json\/wp\/v2\/users\/23"}],"replies":[{"embeddable":true,"href":"https:\/\/agora.xtec.cat\/ceip-drseres-alpicat\/wp-json\/wp\/v2\/comments?post=3983"}],"version-history":[{"count":4,"href":"https:\/\/agora.xtec.cat\/ceip-drseres-alpicat\/wp-json\/wp\/v2\/posts\/3983\/revisions"}],"predecessor-version":[{"id":4011,"href":"https:\/\/agora.xtec.cat\/ceip-drseres-alpicat\/wp-json\/wp\/v2\/posts\/3983\/revisions\/4011"}],"wp:featuredmedia":[{"embeddable":true,"href":"https:\/\/agora.xtec.cat\/ceip-drseres-alpicat\/wp-json\/wp\/v2\/media\/4010"}],"wp:attachment":[{"href":"https:\/\/agora.xtec.cat\/ceip-drseres-alpicat\/wp-json\/wp\/v2\/media?parent=3983"}],"wp:term":[{"taxonomy":"category","embeddable":true,"href":"https:\/\/agora.xtec.cat\/ceip-drseres-alpicat\/wp-json\/wp\/v2\/categories?post=3983"},{"taxonomy":"post_tag","embeddable":true,"href":"https:\/\/agora.xtec.cat\/ceip-drseres-alpicat\/wp-json\/wp\/v2\/tags?post=3983"}],"curies":[{"name":"wp","href":"https:\/\/api.w.org\/{rel}","templated":true}]}}