{"id":3968,"date":"2025-06-04T14:11:06","date_gmt":"2025-06-04T12:11:06","guid":{"rendered":"https:\/\/agora.xtec.cat\/ceip-drseres-alpicat\/?p=3968"},"modified":"2025-06-04T14:11:06","modified_gmt":"2025-06-04T12:11:06","slug":"un-any-mes-de-cantania","status":"publish","type":"post","link":"https:\/\/agora.xtec.cat\/ceip-drseres-alpicat\/general\/un-any-mes-de-cantania\/","title":{"rendered":"UN ANY M\u00c9S DE CANT\u00c0NIA"},"content":{"rendered":"<p>El passat dilluns 2 de juny els\/les nostres alumnes de cinqu\u00e8 de Prim\u00e0ria van participar en l&#8217;espectacle musical Cant\u00e0nia a l&#8217;auditori de Barcelona.<\/p>\n<p>Aquest any l&#8217;obra portava per t\u00edtol: &#8221; Real&#8221;, parlant de la realitat i la ficci\u00f3 dels videojocs.<\/p>\n<p><a href=\"https:\/\/agora.xtec.cat\/ceip-drseres-alpicat\/wp-content\/uploads\/usu1665\/2025\/06\/46d41645-8b1a-4c42-88aa-0821e6a9dab4.jpg\"><img loading=\"lazy\" decoding=\"async\" class=\"alignnone  wp-image-3972\" src=\"https:\/\/agora.xtec.cat\/ceip-drseres-alpicat\/wp-content\/uploads\/usu1665\/2025\/06\/46d41645-8b1a-4c42-88aa-0821e6a9dab4-1024x576.jpg\" alt=\"\" width=\"316\" height=\"178\" srcset=\"https:\/\/agora.xtec.cat\/ceip-drseres-alpicat\/wp-content\/uploads\/usu1665\/2025\/06\/46d41645-8b1a-4c42-88aa-0821e6a9dab4-1024x576.jpg 1024w, https:\/\/agora.xtec.cat\/ceip-drseres-alpicat\/wp-content\/uploads\/usu1665\/2025\/06\/46d41645-8b1a-4c42-88aa-0821e6a9dab4-300x169.jpg 300w, https:\/\/agora.xtec.cat\/ceip-drseres-alpicat\/wp-content\/uploads\/usu1665\/2025\/06\/46d41645-8b1a-4c42-88aa-0821e6a9dab4-768x432.jpg 768w, https:\/\/agora.xtec.cat\/ceip-drseres-alpicat\/wp-content\/uploads\/usu1665\/2025\/06\/46d41645-8b1a-4c42-88aa-0821e6a9dab4.jpg 1120w\" sizes=\"auto, (max-width: 316px) 100vw, 316px\" \/><\/a><\/p>\n<p><a href=\"https:\/\/agora.xtec.cat\/ceip-drseres-alpicat\/wp-content\/uploads\/usu1665\/2025\/06\/canata.jpg\"><img loading=\"lazy\" decoding=\"async\" class=\"alignnone  wp-image-3973\" src=\"https:\/\/agora.xtec.cat\/ceip-drseres-alpicat\/wp-content\/uploads\/usu1665\/2025\/06\/canata-576x1024.jpg\" alt=\"\" width=\"305\" height=\"542\" srcset=\"https:\/\/agora.xtec.cat\/ceip-drseres-alpicat\/wp-content\/uploads\/usu1665\/2025\/06\/canata-576x1024.jpg 576w, https:\/\/agora.xtec.cat\/ceip-drseres-alpicat\/wp-content\/uploads\/usu1665\/2025\/06\/canata-169x300.jpg 169w, https:\/\/agora.xtec.cat\/ceip-drseres-alpicat\/wp-content\/uploads\/usu1665\/2025\/06\/canata-768x1365.jpg 768w, https:\/\/agora.xtec.cat\/ceip-drseres-alpicat\/wp-content\/uploads\/usu1665\/2025\/06\/canata-864x1536.jpg 864w, https:\/\/agora.xtec.cat\/ceip-drseres-alpicat\/wp-content\/uploads\/usu1665\/2025\/06\/canata-1152x2048.jpg 1152w, https:\/\/agora.xtec.cat\/ceip-drseres-alpicat\/wp-content\/uploads\/usu1665\/2025\/06\/canata.jpg 1268w\" sizes=\"auto, (max-width: 305px) 100vw, 305px\" \/><\/a><\/p>\n<p>&nbsp;<\/p>\n","protected":false},"excerpt":{"rendered":"<p>El passat dilluns 2 de juny els\/les nostres alumnes de cinqu\u00e8 de Prim\u00e0ria van participar en l&#8217;espectacle musical Cant\u00e0nia a l&#8217;auditori de Barcelona.<br \/>\nAquest any l&#8217;obra portava per t\u00edtol: &#8221; Real&#8221;, parlant de la realitat i la ficci\u00f3 dels videojocs.<br \/>\n<a href=\"https:\/\/agora.xtec.cat\/ceip-drseres-alpicat\/wp-content\/uploads\/usu1665\/2025\/06\/46d41645-8b1a-4c42-88aa-0821e6a9dab4.jpg\"><\/a><br \/>\n<a href=\"https:\/\/agora.xtec.cat\/ceip-drseres-alpicat\/wp-content\/uploads\/usu1665\/2025\/06\/canata.jpg\"><\/a><br \/>\n&nbsp;<\/p>\n","protected":false},"author":23,"featured_media":3972,"comment_status":"open","ping_status":"open","sticky":false,"template":"","format":"standard","meta":{"_bbp_topic_count":0,"_bbp_reply_count":0,"_bbp_total_topic_count":0,"_bbp_total_reply_count":0,"_bbp_voice_count":0,"_bbp_anonymous_reply_count":0,"_bbp_topic_count_hidden":0,"_bbp_reply_count_hidden":0,"_bbp_forum_subforum_count":0,"footnotes":""},"categories":[1,4],"tags":[],"class_list":["post-3968","post","type-post","status-publish","format-standard","has-post-thumbnail","hentry","category-general","category-portada"],"post_mailing_queue_ids":[],"_links":{"self":[{"href":"https:\/\/agora.xtec.cat\/ceip-drseres-alpicat\/wp-json\/wp\/v2\/posts\/3968","targetHints":{"allow":["GET"]}}],"collection":[{"href":"https:\/\/agora.xtec.cat\/ceip-drseres-alpicat\/wp-json\/wp\/v2\/posts"}],"about":[{"href":"https:\/\/agora.xtec.cat\/ceip-drseres-alpicat\/wp-json\/wp\/v2\/types\/post"}],"author":[{"embeddable":true,"href":"https:\/\/agora.xtec.cat\/ceip-drseres-alpicat\/wp-json\/wp\/v2\/users\/23"}],"replies":[{"embeddable":true,"href":"https:\/\/agora.xtec.cat\/ceip-drseres-alpicat\/wp-json\/wp\/v2\/comments?post=3968"}],"version-history":[{"count":3,"href":"https:\/\/agora.xtec.cat\/ceip-drseres-alpicat\/wp-json\/wp\/v2\/posts\/3968\/revisions"}],"predecessor-version":[{"id":3974,"href":"https:\/\/agora.xtec.cat\/ceip-drseres-alpicat\/wp-json\/wp\/v2\/posts\/3968\/revisions\/3974"}],"wp:featuredmedia":[{"embeddable":true,"href":"https:\/\/agora.xtec.cat\/ceip-drseres-alpicat\/wp-json\/wp\/v2\/media\/3972"}],"wp:attachment":[{"href":"https:\/\/agora.xtec.cat\/ceip-drseres-alpicat\/wp-json\/wp\/v2\/media?parent=3968"}],"wp:term":[{"taxonomy":"category","embeddable":true,"href":"https:\/\/agora.xtec.cat\/ceip-drseres-alpicat\/wp-json\/wp\/v2\/categories?post=3968"},{"taxonomy":"post_tag","embeddable":true,"href":"https:\/\/agora.xtec.cat\/ceip-drseres-alpicat\/wp-json\/wp\/v2\/tags?post=3968"}],"curies":[{"name":"wp","href":"https:\/\/api.w.org\/{rel}","templated":true}]}}