{"id":3870,"date":"2025-04-09T13:24:02","date_gmt":"2025-04-09T11:24:02","guid":{"rendered":"https:\/\/agora.xtec.cat\/ceip-drseres-alpicat\/?p=3870"},"modified":"2025-04-09T13:24:02","modified_gmt":"2025-04-09T11:24:02","slug":"tallers-deducassa","status":"publish","type":"post","link":"https:\/\/agora.xtec.cat\/ceip-drseres-alpicat\/general\/tallers-deducassa\/","title":{"rendered":"Tallers d&#8217;EDUCASSA"},"content":{"rendered":"<p>Dins de les activitats programades per la <strong>jornada cient\u00edfica<\/strong> del passat 19 de mar\u00e7, l&#8217;alumnat d&#8217;I5, 2n i 4t van realitzar uns tallers relacionats amb l&#8217;aigua, organitzats per CASSA, Companyia d&#8217;aig\u00fces d&#8217;Alpicat.\u00a0Les activitats EDUCASSA formen part d&#8217;un programa educatiu mediambiental dirigit a nens i nenes d&#8217;entre 3 i 9 anys on mitjan\u00e7ant el joc i l&#8217;experimentaci\u00f3 es treballa la sostenibilitat, la reutilitzaci\u00f3 de l&#8217;aigua i el consum responsable.<\/p>\n<p>Els tallers realitzats a l&#8217;escola van ser els seg\u00fcents:<\/p>\n<p>I5 &#8211; On \u00e9s l&#8217;aigua<\/p>\n<p>2n &#8211; Dins l&#8217;aigua<\/p>\n<p>4t &#8211; El recorregut de l&#8217;aigua: des del lavabo fins el riu<\/p>\n<p><a href=\"https:\/\/agora.xtec.cat\/ceip-drseres-alpicat\/wp-content\/uploads\/usu1665\/2025\/04\/aigua.png\"><img loading=\"lazy\" decoding=\"async\" class=\"wp-image-3871 aligncenter\" src=\"https:\/\/agora.xtec.cat\/ceip-drseres-alpicat\/wp-content\/uploads\/usu1665\/2025\/04\/aigua.png\" alt=\"\" width=\"294\" height=\"227\" srcset=\"https:\/\/agora.xtec.cat\/ceip-drseres-alpicat\/wp-content\/uploads\/usu1665\/2025\/04\/aigua.png 846w, https:\/\/agora.xtec.cat\/ceip-drseres-alpicat\/wp-content\/uploads\/usu1665\/2025\/04\/aigua-300x232.png 300w, https:\/\/agora.xtec.cat\/ceip-drseres-alpicat\/wp-content\/uploads\/usu1665\/2025\/04\/aigua-768x594.png 768w\" sizes=\"auto, (max-width: 294px) 100vw, 294px\" \/><\/a><\/p>\n<p>Agra\u00efm la visita de l&#8217;alcalde, Joan Gilart i del regidor d&#8217;Educaci\u00f3, Isidre Fern\u00e0ndez fent suport a l&#8217;activitat d&#8217;EDUCASSA.<\/p>\n<p>&nbsp;<\/p>\n","protected":false},"excerpt":{"rendered":"<p>Dins de les activitats programades per la jornada cient\u00edfica del passat 19 de mar\u00e7, l&#8217;alumnat d&#8217;I5, 2n i 4t van realitzar uns tallers relacionats amb l&#8217;aigua, organitzats per CASSA, Companyia d&#8217;aig\u00fces d&#8217;Alpicat.\u00a0Les activitats EDUCASSA formen part d&#8217;un programa educatiu mediambiental dirigit a nens i nenes&hellip;  <a href=\"https:\/\/agora.xtec.cat\/ceip-drseres-alpicat\/general\/tallers-deducassa\/\" title=\"Read Tallers d&#8217;EDUCASSA\">Llegeix m\u00e9s\u00bb<\/a><\/p>\n","protected":false},"author":23,"featured_media":3871,"comment_status":"open","ping_status":"closed","sticky":false,"template":"","format":"standard","meta":{"_bbp_topic_count":0,"_bbp_reply_count":0,"_bbp_total_topic_count":0,"_bbp_total_reply_count":0,"_bbp_voice_count":0,"_bbp_anonymous_reply_count":0,"_bbp_topic_count_hidden":0,"_bbp_reply_count_hidden":0,"_bbp_forum_subforum_count":0,"footnotes":""},"categories":[1,4],"tags":[],"class_list":["post-3870","post","type-post","status-publish","format-standard","has-post-thumbnail","hentry","category-general","category-portada"],"post_mailing_queue_ids":[],"_links":{"self":[{"href":"https:\/\/agora.xtec.cat\/ceip-drseres-alpicat\/wp-json\/wp\/v2\/posts\/3870","targetHints":{"allow":["GET"]}}],"collection":[{"href":"https:\/\/agora.xtec.cat\/ceip-drseres-alpicat\/wp-json\/wp\/v2\/posts"}],"about":[{"href":"https:\/\/agora.xtec.cat\/ceip-drseres-alpicat\/wp-json\/wp\/v2\/types\/post"}],"author":[{"embeddable":true,"href":"https:\/\/agora.xtec.cat\/ceip-drseres-alpicat\/wp-json\/wp\/v2\/users\/23"}],"replies":[{"embeddable":true,"href":"https:\/\/agora.xtec.cat\/ceip-drseres-alpicat\/wp-json\/wp\/v2\/comments?post=3870"}],"version-history":[{"count":2,"href":"https:\/\/agora.xtec.cat\/ceip-drseres-alpicat\/wp-json\/wp\/v2\/posts\/3870\/revisions"}],"predecessor-version":[{"id":3873,"href":"https:\/\/agora.xtec.cat\/ceip-drseres-alpicat\/wp-json\/wp\/v2\/posts\/3870\/revisions\/3873"}],"wp:featuredmedia":[{"embeddable":true,"href":"https:\/\/agora.xtec.cat\/ceip-drseres-alpicat\/wp-json\/wp\/v2\/media\/3871"}],"wp:attachment":[{"href":"https:\/\/agora.xtec.cat\/ceip-drseres-alpicat\/wp-json\/wp\/v2\/media?parent=3870"}],"wp:term":[{"taxonomy":"category","embeddable":true,"href":"https:\/\/agora.xtec.cat\/ceip-drseres-alpicat\/wp-json\/wp\/v2\/categories?post=3870"},{"taxonomy":"post_tag","embeddable":true,"href":"https:\/\/agora.xtec.cat\/ceip-drseres-alpicat\/wp-json\/wp\/v2\/tags?post=3870"}],"curies":[{"name":"wp","href":"https:\/\/api.w.org\/{rel}","templated":true}]}}