{"id":3656,"date":"2025-03-11T16:51:43","date_gmt":"2025-03-11T15:51:43","guid":{"rendered":"https:\/\/agora.xtec.cat\/ceip-drseres-alpicat\/?p=3656"},"modified":"2025-07-09T10:12:54","modified_gmt":"2025-07-09T08:12:54","slug":"preinscripcio-per-al-curs-2025-26","status":"publish","type":"post","link":"https:\/\/agora.xtec.cat\/ceip-drseres-alpicat\/general\/preinscripcio-per-al-curs-2025-26\/","title":{"rendered":"Preinscripci\u00f3 per al curs 2025\/26"},"content":{"rendered":"<h4><span style=\"color: #808000;\">Durant la preparaci\u00f3, presentaci\u00f3 i seguiment de la sol\u00b7licitud de preinscripci\u00f3:<\/span><\/h4>\n<h4><strong><span style=\"color: #ff6600;\"><em>Novetats! (16\/06\/2025)<\/em><\/span><\/strong><\/h4>\n<h5 style=\"text-align: center;\"><a href=\"https:\/\/drive.google.com\/file\/d\/17L11TjeQHS3Sl0-Fhu403Ti4ggJuFLUj\/view?usp=sharing\">Publicaci\u00f3 de la llista Alumnes assignats al centre amb indicaci\u00f3 de la primera petici\u00f3: 16 de juny de 2025<\/a><\/h5>\n<h5 style=\"text-align: center;\"><a href=\"https:\/\/drive.google.com\/file\/d\/10laNEDnNhaDDXoHM4C6lkfbLHi3H7QZW\/view?usp=sharing\">Publicaci\u00f3 de la llista\u00a0d&#8217;espera del centre : 16 de juny de 2025<\/a><\/h5>\n<h5 style=\"text-align: center;\"><a href=\"https:\/\/drive.google.com\/file\/d\/1DdMAvix4oImT3GJZ8cBSIFWLgfKhmAFi\/view?usp=drive_link\">Publicaci\u00f3 de la llista de la llista ordenada: 09 de maig de 2025\u00a0<\/a><\/h5>\n<h5 style=\"text-align: center;\"><a href=\"https:\/\/drive.google.com\/file\/d\/1_FKWylwv1vat3LZYDMTD3pl5ILEw9SWk\/view?usp=sharing\">Publicaci\u00f3 de la llista amb el barem un cop resoltes les reclamacions: 05 de maig de 2025<\/a><\/h5>\n<h5 style=\"text-align: center;\"><strong><span style=\"color: #008000;\"><a style=\"color: #008000;\" href=\"https:\/\/drive.google.com\/file\/d\/17l3fDry-nK8TYi7NUqUF9hRDpY59CTIN\/view?usp=sharing\">Publicaci\u00f3 de la llista amb el barem provisional: 24 d&#8217;abril de 2025<\/a><\/span><\/strong><\/h5>\n<h5 style=\"text-align: center;\"><a href=\"https:\/\/drive.google.com\/file\/d\/1ccBSqW_yZ89iDCIhKocweUpapn5rfSvF\/view?usp=sharing\">Publicaci\u00f3 inicial de l&#8217;oferta: 11 de mar\u00e7 de 2025<\/a><\/h5>\n<h5 style=\"text-align: center;\"><a href=\"https:\/\/preinscripcio.gencat.cat\/ca\/estudis\/infantil-3-6\/inici\/\">Enlla\u00e7 a la preinscripci\u00f3 per Educaci\u00f3 Infantil (3-6 anys)<\/a><\/h5>\n<h5 style=\"text-align: center;\"><a href=\"https:\/\/preinscripcio.gencat.cat\/ca\/estudis\/primaria\/inici\/\">Enlla\u00e7 a la preinscripci\u00f3 per Educaci\u00f3 Prim\u00e0ria (6-12 anys)<\/a><\/h5>\n<h4><span style=\"color: #808000;\"><strong>Informacions i\/o recomanacions:<\/strong><\/span><\/h4>\n<ul>\n<li>El\u00a0<strong>codi de l\u2019escola Doctor Ser\u00e9s<\/strong>\u00a0\u00e9s\u00a0<strong>25000468<\/strong>, us caldr\u00e0 per indicar a quin centre voleu preinscriure-us.<\/li>\n<li>Tots els infants que han estat matriculats en una llar d\u2019infants o en una escola bressol a Catalunya a partir del curs 2021-2022, o b\u00e9, tots els infants que han estat matriculats a Catalunya a partir del curs 2015-2016, tenen assignat un codi identificador del Registre d\u2019alumnes de Catalunya, el RALC. Heu de demanar-lo al vostre centre actual o de proced\u00e8ncia per poder lligar la sol\u00b7licitud al seu expedient acad\u00e8mic i personal. A la sol\u00b7licitud de preinscripci\u00f3 s\u2019ha de consignar aquest codi<strong>\u00a0en la casella \u00abIdentificador de l\u2019alumne\u00bb\u00a0<\/strong>de l\u2019apartat Dades personals de l\u2019alumne. En la majoria de casos no caldr\u00e0 fer res m\u00e9s ni adjuntar cap tipus de documentaci\u00f3, donat que s\u2019haur\u00e0 fet l\u2019intercanvi de validaci\u00f3 de les vostres dades amb totes les administracions implicades.<\/li>\n<li><strong>Nom\u00e9s s\u2019ha de presentar una sola sol\u00b7licitud<\/strong>\u00a0i indicar-hi per ordre de prefer\u00e8ncia els diferents centres als quals us interessa inscriure al vostre fill o filla.<\/li>\n<li>\u00c9s molt important cenyir-vos al calendari establert,\u00a0<strong>lliurar la sol\u00b7licitud o la documentaci\u00f3 fora de termini us fa perdre tots el drets d\u2019adscripci\u00f3 amb la possibilitat de quedar-se sense pla\u00e7a al centre<\/strong>.<\/li>\n<\/ul>\n<h4><span style=\"color: #808000;\"><strong>Consideracions a tenir en compte:<\/strong><\/span><\/h4>\n<ul>\n<li><strong><em>Centre adscrit:<\/em><\/strong>\u00a0La continu\u00eftat de projectes pedag\u00f2gics en centres entre el primer (0-3 anys) i el segon cicle d\u2019infantil (3-6 anys), no es considera adscripci\u00f3 i per tant, no comporta prioritat d\u2019acc\u00e9s.<\/li>\n<li><em><strong>Domicili familiar o del lloc de treball:\u00a0<\/strong><\/em>si es vol presentar una sol\u00b7licitud de preinscripci\u00f3 a la nostra escola nom\u00e9s s\u2019haur\u00e0 de marcar un d\u2019aquests tres sup\u00f2sits:\n<ul>\n<li>\n<div>Zona educativa:\u00a0quan el domicili habitual de la fam\u00edlia es troba dins la zona educativa del centre escolar que es demana en primer lloc (Alpicat).<\/div>\n<\/li>\n<li>\n<div>Adre\u00e7a del lloc de treball:\u00a0quan la ubicaci\u00f3 del lloc de feina del pare, la mare, el tutor o la tutora est\u00e0 dins la zona educativa del centre triat en primer lloc (Alpicat).<\/div>\n<\/li>\n<li>Cap de les anteriors:\u00a0si el domicili familiar o la ubicaci\u00f3 del lloc de feina del pare, mare, el tutor o la tutora es troba fora del municipi (Alpicat).<\/li>\n<\/ul>\n<\/li>\n<li><strong><em>Nova incorporaci\u00f3 al sistema educatiu:<\/em><\/strong>\u00a0nom\u00e9s afecta a alumnat provinent de fora de Catalunya o que hi porta menys de 2 anys.<\/li>\n<\/ul>\n<p>&nbsp;<\/p>\n<p>Per a qualsevol <strong>dubte, informaci\u00f3 o aclariment, del 12 al 26 de mar\u00e7 <\/strong>podeu posar-vos en contacte amb nosaltres\u00a0<strong>trucant al 973 73 64 64 o al 690 01 62 23 de dilluns a divendres de 8.30 a 14h i de 15 a 16h,\u00a0<\/strong>i us ajudarem amb el proc\u00e9s.<\/p>\n<h4><span style=\"color: #808000;\">Dates a tenir en compte:<\/span><\/h4>\n<p><strong>11 de mar\u00e7 de 2025: oferta inicial de places escolars<\/strong><\/p>\n<p>Publicaci\u00f3 del nombre de places escolars per centre i curs.<\/p>\n<p><strong>Del 12 al 26 de mar\u00e7 de 2025 (a partir de les 9 hores): presentaci\u00f3 de sol\u00b7licituds<\/strong><\/p>\n<p>\u00c9s molt important respectar les dates, perqu\u00e8 les sol\u00b7licituds que es presentin fora d\u2019aquest termini perdran totes les prioritats que haurien pogut tenir a l\u2019hora d\u2019obtenir la pla\u00e7a. Els <a href=\"https:\/\/preinscripcio.gencat.cat\/ca\/estudis\/infantil-3-6\/informat\/criteris-assignacio\/\">criteris d&#8217;assignaci\u00f3 de places<\/a> serveixen per donar una puntuaci\u00f3 a cada sol\u00b7licitud. D\u2019aquesta manera s\u2019estableix l\u2019ordre d\u2019acc\u00e9s a les places de cada centre. Cal presentar la sol\u00b7licitud i adjuntar-hi la documentaci\u00f3 d\u2019identificaci\u00f3 o de criteris que correspongui.<\/p>\n<p><strong>Fins al 28 de mar\u00e7 de 2025: presentaci\u00f3 de documentaci\u00f3<\/strong><\/p>\n<p>Aquests dies pots presentar documentaci\u00f3 acreditativa que no hagis pogut adjuntar durant el per\u00edode de presentaci\u00f3 de sol\u00b7licituds.<\/p>\n<p><a href=\"https:\/\/preinscripcio.gencat.cat\/ca\/estudis\/infantil-3-6\/informat\/prepara-documentacio\/\">Enlla\u00e7 a la documentaci\u00f3 necess\u00e0ria per fer la preinscripci\u00f3 a Educaci\u00f3 Infantil<\/a><\/p>\n<p><a href=\"https:\/\/preinscripcio.gencat.cat\/ca\/estudis\/primaria\/informat\/prepara-documentacio\/\">Enlla\u00e7 a la documentaci\u00f3 necess\u00e0ria per fer la preinscripci\u00f3 a Educaci\u00f3 Prim\u00e0ria\u00a0<\/a><\/p>\n<p>&nbsp;<\/p>\n<p>&nbsp;<\/p>\n<p><a href=\"https:\/\/agora.xtec.cat\/ceip-drseres-alpicat\/wp-content\/uploads\/usu1665\/2025\/03\/Preins2526.png\"><img loading=\"lazy\" decoding=\"async\" class=\"alignnone wp-image-3769\" src=\"https:\/\/agora.xtec.cat\/ceip-drseres-alpicat\/wp-content\/uploads\/usu1665\/2025\/03\/Preins2526-300x162.png\" alt=\"\" width=\"356\" height=\"192\" srcset=\"https:\/\/agora.xtec.cat\/ceip-drseres-alpicat\/wp-content\/uploads\/usu1665\/2025\/03\/Preins2526-300x162.png 300w, https:\/\/agora.xtec.cat\/ceip-drseres-alpicat\/wp-content\/uploads\/usu1665\/2025\/03\/Preins2526.png 658w\" sizes=\"auto, (max-width: 356px) 100vw, 356px\" \/><\/a><\/p>\n","protected":false},"excerpt":{"rendered":"<p>Durant la preparaci\u00f3, presentaci\u00f3 i seguiment de la sol\u00b7licitud de preinscripci\u00f3:<br \/>\nNovetats! (16\/06\/2025)<br \/>\n<a href=\"https:\/\/drive.google.com\/file\/d\/17L11TjeQHS3Sl0-Fhu403Ti4ggJuFLUj\/view?usp=sharing\">Publicaci\u00f3 de la llista Alumnes assignats al centre amb indicaci\u00f3 de la primera petici\u00f3: 16 de juny de 2025<\/a><br \/>\n<a href=\"https:\/\/drive.google.com\/file\/d\/10laNEDnNhaDDXoHM4C6lkfbLHi3H7QZW\/view?usp=sharing\">Publicaci\u00f3 de la llista\u00a0d&#8217;espera del centre : 16 de juny de 2025<\/a><br \/>\n<a href=\"https:\/\/drive.google.com\/file\/d\/1DdMAvix4oImT3GJZ8cBSIFWLgfKhmAFi\/view?usp=drive_link\">Publicaci\u00f3 de&hellip;  <a href=\"https:\/\/agora.xtec.cat\/ceip-drseres-alpicat\/general\/preinscripcio-per-al-curs-2025-26\/\" title=\"Read Preinscripci\u00f3 per al curs 2025\/26\">Llegeix m\u00e9s\u00bb<\/a><\/p>\n","protected":false},"author":1,"featured_media":3771,"comment_status":"open","ping_status":"closed","sticky":false,"template":"","format":"standard","meta":{"_bbp_topic_count":0,"_bbp_reply_count":0,"_bbp_total_topic_count":0,"_bbp_total_reply_count":0,"_bbp_voice_count":0,"_bbp_anonymous_reply_count":0,"_bbp_topic_count_hidden":0,"_bbp_reply_count_hidden":0,"_bbp_forum_subforum_count":0,"footnotes":""},"categories":[1,4],"tags":[],"class_list":["post-3656","post","type-post","status-publish","format-standard","has-post-thumbnail","hentry","category-general","category-portada"],"post_mailing_queue_ids":[],"_links":{"self":[{"href":"https:\/\/agora.xtec.cat\/ceip-drseres-alpicat\/wp-json\/wp\/v2\/posts\/3656","targetHints":{"allow":["GET"]}}],"collection":[{"href":"https:\/\/agora.xtec.cat\/ceip-drseres-alpicat\/wp-json\/wp\/v2\/posts"}],"about":[{"href":"https:\/\/agora.xtec.cat\/ceip-drseres-alpicat\/wp-json\/wp\/v2\/types\/post"}],"author":[{"embeddable":true,"href":"https:\/\/agora.xtec.cat\/ceip-drseres-alpicat\/wp-json\/wp\/v2\/users\/1"}],"replies":[{"embeddable":true,"href":"https:\/\/agora.xtec.cat\/ceip-drseres-alpicat\/wp-json\/wp\/v2\/comments?post=3656"}],"version-history":[{"count":6,"href":"https:\/\/agora.xtec.cat\/ceip-drseres-alpicat\/wp-json\/wp\/v2\/posts\/3656\/revisions"}],"predecessor-version":[{"id":4004,"href":"https:\/\/agora.xtec.cat\/ceip-drseres-alpicat\/wp-json\/wp\/v2\/posts\/3656\/revisions\/4004"}],"wp:featuredmedia":[{"embeddable":true,"href":"https:\/\/agora.xtec.cat\/ceip-drseres-alpicat\/wp-json\/wp\/v2\/media\/3771"}],"wp:attachment":[{"href":"https:\/\/agora.xtec.cat\/ceip-drseres-alpicat\/wp-json\/wp\/v2\/media?parent=3656"}],"wp:term":[{"taxonomy":"category","embeddable":true,"href":"https:\/\/agora.xtec.cat\/ceip-drseres-alpicat\/wp-json\/wp\/v2\/categories?post=3656"},{"taxonomy":"post_tag","embeddable":true,"href":"https:\/\/agora.xtec.cat\/ceip-drseres-alpicat\/wp-json\/wp\/v2\/tags?post=3656"}],"curies":[{"name":"wp","href":"https:\/\/api.w.org\/{rel}","templated":true}]}}