{"id":3615,"date":"2025-02-05T13:40:16","date_gmt":"2025-02-05T12:40:16","guid":{"rendered":"https:\/\/agora.xtec.cat\/ceip-drseres-alpicat\/?p=3615"},"modified":"2025-02-05T13:19:37","modified_gmt":"2025-02-05T12:19:37","slug":"dia-de-la-pau-a-lescola","status":"publish","type":"post","link":"https:\/\/agora.xtec.cat\/ceip-drseres-alpicat\/general\/dia-de-la-pau-a-lescola\/","title":{"rendered":"Dia de la Pau a l&#8217;escola"},"content":{"rendered":"<p>El passat dijous 30 de gener vam celebrar a l&#8217;escola, el Dia Escolar de la No-viol\u00e8ncia i la Pau (DENIP). Durant la tarda vam realitzar unes activitats a l&#8217;aula i tamb\u00e9 ens vam trobar tots i totes al pati per fer una gran rotllana que simbolitzava la pau. Els delegats i delegades de 6\u00e8 van llegir un manifest que us deixem a continuaci\u00f3<\/p>\n<p><a href=\"https:\/\/agora.xtec.cat\/ceip-drseres-alpicat\/wp-content\/uploads\/usu1665\/2025\/02\/IMG_0140-1.heic\"><img decoding=\"async\" class=\"alignnone size-full wp-image-3630\" src=\"https:\/\/agora.xtec.cat\/ceip-drseres-alpicat\/wp-content\/uploads\/usu1665\/2025\/02\/IMG_0140-1.heic\" alt=\"\" \/><\/a><img loading=\"lazy\" decoding=\"async\" class=\"wp-image-3631 aligncenter\" src=\"https:\/\/agora.xtec.cat\/ceip-drseres-alpicat\/wp-content\/uploads\/usu1665\/2025\/02\/IMG_0140pau-1024x768.jpg\" alt=\"\" width=\"427\" height=\"321\" srcset=\"https:\/\/agora.xtec.cat\/ceip-drseres-alpicat\/wp-content\/uploads\/usu1665\/2025\/02\/IMG_0140pau-1024x768.jpg 1024w, https:\/\/agora.xtec.cat\/ceip-drseres-alpicat\/wp-content\/uploads\/usu1665\/2025\/02\/IMG_0140pau-300x225.jpg 300w, https:\/\/agora.xtec.cat\/ceip-drseres-alpicat\/wp-content\/uploads\/usu1665\/2025\/02\/IMG_0140pau-768x576.jpg 768w, https:\/\/agora.xtec.cat\/ceip-drseres-alpicat\/wp-content\/uploads\/usu1665\/2025\/02\/IMG_0140pau-1536x1152.jpg 1536w, https:\/\/agora.xtec.cat\/ceip-drseres-alpicat\/wp-content\/uploads\/usu1665\/2025\/02\/IMG_0140pau-200x150.jpg 200w, https:\/\/agora.xtec.cat\/ceip-drseres-alpicat\/wp-content\/uploads\/usu1665\/2025\/02\/IMG_0140pau.jpg 2032w\" sizes=\"auto, (max-width: 427px) 100vw, 427px\" \/><\/p>\n<p>&nbsp;<\/p>\n<p><a href=\"https:\/\/agora.xtec.cat\/ceip-drseres-alpicat\/wp-content\/uploads\/usu1665\/2025\/02\/PHOTO-2025-01-29-14-06-52.jpg\"><img loading=\"lazy\" decoding=\"async\" class=\"wp-image-3628 aligncenter\" src=\"https:\/\/agora.xtec.cat\/ceip-drseres-alpicat\/wp-content\/uploads\/usu1665\/2025\/02\/PHOTO-2025-01-29-14-06-52-1024x576.jpg\" alt=\"\" width=\"441\" height=\"248\" srcset=\"https:\/\/agora.xtec.cat\/ceip-drseres-alpicat\/wp-content\/uploads\/usu1665\/2025\/02\/PHOTO-2025-01-29-14-06-52-1024x576.jpg 1024w, https:\/\/agora.xtec.cat\/ceip-drseres-alpicat\/wp-content\/uploads\/usu1665\/2025\/02\/PHOTO-2025-01-29-14-06-52-300x169.jpg 300w, https:\/\/agora.xtec.cat\/ceip-drseres-alpicat\/wp-content\/uploads\/usu1665\/2025\/02\/PHOTO-2025-01-29-14-06-52-768x432.jpg 768w, https:\/\/agora.xtec.cat\/ceip-drseres-alpicat\/wp-content\/uploads\/usu1665\/2025\/02\/PHOTO-2025-01-29-14-06-52-1536x864.jpg 1536w, https:\/\/agora.xtec.cat\/ceip-drseres-alpicat\/wp-content\/uploads\/usu1665\/2025\/02\/PHOTO-2025-01-29-14-06-52.jpg 1599w\" sizes=\"auto, (max-width: 441px) 100vw, 441px\" \/><\/a><\/p>\n<p style=\"text-align: center;\"><a href=\"https:\/\/drive.google.com\/file\/d\/1oN364H6UQfdXrtGzTJJTNIabBC4LcxuU\/view?usp=drive_link\">Per llegir el Manifest, clica aqu\u00ed<\/a><\/p>\n","protected":false},"excerpt":{"rendered":"<p>El passat dijous 30 de gener vam celebrar a l&#8217;escola, el Dia Escolar de la No-viol\u00e8ncia i la Pau (DENIP). Durant la tarda vam realitzar unes activitats a l&#8217;aula i tamb\u00e9 ens vam trobar tots i totes al pati per fer una gran rotllana que&hellip;  <a href=\"https:\/\/agora.xtec.cat\/ceip-drseres-alpicat\/general\/dia-de-la-pau-a-lescola\/\" title=\"Read Dia de la Pau a l&#8217;escola\">Llegeix m\u00e9s\u00bb<\/a><\/p>\n","protected":false},"author":23,"featured_media":3631,"comment_status":"open","ping_status":"closed","sticky":false,"template":"","format":"standard","meta":{"_bbp_topic_count":0,"_bbp_reply_count":0,"_bbp_total_topic_count":0,"_bbp_total_reply_count":0,"_bbp_voice_count":0,"_bbp_anonymous_reply_count":0,"_bbp_topic_count_hidden":0,"_bbp_reply_count_hidden":0,"_bbp_forum_subforum_count":0,"footnotes":""},"categories":[1,4],"tags":[],"class_list":["post-3615","post","type-post","status-publish","format-standard","has-post-thumbnail","hentry","category-general","category-portada"],"post_mailing_queue_ids":[],"_links":{"self":[{"href":"https:\/\/agora.xtec.cat\/ceip-drseres-alpicat\/wp-json\/wp\/v2\/posts\/3615","targetHints":{"allow":["GET"]}}],"collection":[{"href":"https:\/\/agora.xtec.cat\/ceip-drseres-alpicat\/wp-json\/wp\/v2\/posts"}],"about":[{"href":"https:\/\/agora.xtec.cat\/ceip-drseres-alpicat\/wp-json\/wp\/v2\/types\/post"}],"author":[{"embeddable":true,"href":"https:\/\/agora.xtec.cat\/ceip-drseres-alpicat\/wp-json\/wp\/v2\/users\/23"}],"replies":[{"embeddable":true,"href":"https:\/\/agora.xtec.cat\/ceip-drseres-alpicat\/wp-json\/wp\/v2\/comments?post=3615"}],"version-history":[{"count":5,"href":"https:\/\/agora.xtec.cat\/ceip-drseres-alpicat\/wp-json\/wp\/v2\/posts\/3615\/revisions"}],"predecessor-version":[{"id":3633,"href":"https:\/\/agora.xtec.cat\/ceip-drseres-alpicat\/wp-json\/wp\/v2\/posts\/3615\/revisions\/3633"}],"wp:featuredmedia":[{"embeddable":true,"href":"https:\/\/agora.xtec.cat\/ceip-drseres-alpicat\/wp-json\/wp\/v2\/media\/3631"}],"wp:attachment":[{"href":"https:\/\/agora.xtec.cat\/ceip-drseres-alpicat\/wp-json\/wp\/v2\/media?parent=3615"}],"wp:term":[{"taxonomy":"category","embeddable":true,"href":"https:\/\/agora.xtec.cat\/ceip-drseres-alpicat\/wp-json\/wp\/v2\/categories?post=3615"},{"taxonomy":"post_tag","embeddable":true,"href":"https:\/\/agora.xtec.cat\/ceip-drseres-alpicat\/wp-json\/wp\/v2\/tags?post=3615"}],"curies":[{"name":"wp","href":"https:\/\/api.w.org\/{rel}","templated":true}]}}