{"id":3606,"date":"2025-01-30T12:55:48","date_gmt":"2025-01-30T11:55:48","guid":{"rendered":"https:\/\/agora.xtec.cat\/ceip-drseres-alpicat\/?p=3606"},"modified":"2025-01-30T12:55:48","modified_gmt":"2025-01-30T11:55:48","slug":"revista-el-nou-pinetell","status":"publish","type":"post","link":"https:\/\/agora.xtec.cat\/ceip-drseres-alpicat\/general\/revista-el-nou-pinetell\/","title":{"rendered":"Revista El Nou Pinetell"},"content":{"rendered":"<p><a href=\"https:\/\/agora.xtec.cat\/ceip-drseres-alpicat\/wp-content\/uploads\/usu1665\/2025\/01\/pinetell-1-scaled.jpg\"><img loading=\"lazy\" decoding=\"async\" class=\"wp-image-3613 aligncenter\" src=\"https:\/\/agora.xtec.cat\/ceip-drseres-alpicat\/wp-content\/uploads\/usu1665\/2025\/01\/pinetell-1-1014x1024.jpg\" alt=\"\" width=\"473\" height=\"478\" srcset=\"https:\/\/agora.xtec.cat\/ceip-drseres-alpicat\/wp-content\/uploads\/usu1665\/2025\/01\/pinetell-1-1014x1024.jpg 1014w, https:\/\/agora.xtec.cat\/ceip-drseres-alpicat\/wp-content\/uploads\/usu1665\/2025\/01\/pinetell-1-297x300.jpg 297w, https:\/\/agora.xtec.cat\/ceip-drseres-alpicat\/wp-content\/uploads\/usu1665\/2025\/01\/pinetell-1-768x776.jpg 768w, https:\/\/agora.xtec.cat\/ceip-drseres-alpicat\/wp-content\/uploads\/usu1665\/2025\/01\/pinetell-1-1521x1536.jpg 1521w, https:\/\/agora.xtec.cat\/ceip-drseres-alpicat\/wp-content\/uploads\/usu1665\/2025\/01\/pinetell-1-2027x2048.jpg 2027w\" sizes=\"auto, (max-width: 473px) 100vw, 473px\" \/><\/a><\/p>\n<p>L&#8217;Escola Dr Ser\u00e9s hem partiicipat a la revista El Nou Pinetell amb l&#8217;article &#8220;L&#8217;Escola Dr Ser\u00e9s, amb el Pla Catal\u00e0 de l&#8217;esport&#8221;. Us podeu descarregar la revista clicant al seg\u00fcent enlla\u00e7:<\/p>\n<p style=\"text-align: center;\"><a href=\"https:\/\/www.alpicat.cat\/fitxers\/revista-el-nou-pinetell\/num-13-desembre-2024\/at_download\/file\">clica aqu\u00ed<\/a><\/p>\n","protected":false},"excerpt":{"rendered":"<p><a href=\"https:\/\/agora.xtec.cat\/ceip-drseres-alpicat\/wp-content\/uploads\/usu1665\/2025\/01\/pinetell-1-scaled.jpg\"><\/a><br \/>\nL&#8217;Escola Dr Ser\u00e9s hem partiicipat a la revista El Nou Pinetell amb l&#8217;article &#8220;L&#8217;Escola Dr Ser\u00e9s, amb el Pla Catal\u00e0 de l&#8217;esport&#8221;. Us podeu descarregar la revista clicant al seg\u00fcent enlla\u00e7:<br \/>\n<a href=\"https:\/\/www.alpicat.cat\/fitxers\/revista-el-nou-pinetell\/num-13-desembre-2024\/at_download\/file\">clica aqu\u00ed<\/a><\/p>\n","protected":false},"author":23,"featured_media":3613,"comment_status":"open","ping_status":"closed","sticky":false,"template":"","format":"standard","meta":{"_bbp_topic_count":0,"_bbp_reply_count":0,"_bbp_total_topic_count":0,"_bbp_total_reply_count":0,"_bbp_voice_count":0,"_bbp_anonymous_reply_count":0,"_bbp_topic_count_hidden":0,"_bbp_reply_count_hidden":0,"_bbp_forum_subforum_count":0,"footnotes":""},"categories":[1,4],"tags":[],"class_list":["post-3606","post","type-post","status-publish","format-standard","has-post-thumbnail","hentry","category-general","category-portada"],"post_mailing_queue_ids":[],"_links":{"self":[{"href":"https:\/\/agora.xtec.cat\/ceip-drseres-alpicat\/wp-json\/wp\/v2\/posts\/3606","targetHints":{"allow":["GET"]}}],"collection":[{"href":"https:\/\/agora.xtec.cat\/ceip-drseres-alpicat\/wp-json\/wp\/v2\/posts"}],"about":[{"href":"https:\/\/agora.xtec.cat\/ceip-drseres-alpicat\/wp-json\/wp\/v2\/types\/post"}],"author":[{"embeddable":true,"href":"https:\/\/agora.xtec.cat\/ceip-drseres-alpicat\/wp-json\/wp\/v2\/users\/23"}],"replies":[{"embeddable":true,"href":"https:\/\/agora.xtec.cat\/ceip-drseres-alpicat\/wp-json\/wp\/v2\/comments?post=3606"}],"version-history":[{"count":4,"href":"https:\/\/agora.xtec.cat\/ceip-drseres-alpicat\/wp-json\/wp\/v2\/posts\/3606\/revisions"}],"predecessor-version":[{"id":3614,"href":"https:\/\/agora.xtec.cat\/ceip-drseres-alpicat\/wp-json\/wp\/v2\/posts\/3606\/revisions\/3614"}],"wp:featuredmedia":[{"embeddable":true,"href":"https:\/\/agora.xtec.cat\/ceip-drseres-alpicat\/wp-json\/wp\/v2\/media\/3613"}],"wp:attachment":[{"href":"https:\/\/agora.xtec.cat\/ceip-drseres-alpicat\/wp-json\/wp\/v2\/media?parent=3606"}],"wp:term":[{"taxonomy":"category","embeddable":true,"href":"https:\/\/agora.xtec.cat\/ceip-drseres-alpicat\/wp-json\/wp\/v2\/categories?post=3606"},{"taxonomy":"post_tag","embeddable":true,"href":"https:\/\/agora.xtec.cat\/ceip-drseres-alpicat\/wp-json\/wp\/v2\/tags?post=3606"}],"curies":[{"name":"wp","href":"https:\/\/api.w.org\/{rel}","templated":true}]}}