{"id":3573,"date":"2025-01-09T11:48:43","date_gmt":"2025-01-09T10:48:43","guid":{"rendered":"https:\/\/agora.xtec.cat\/ceip-drseres-alpicat\/?p=3573"},"modified":"2025-01-09T11:50:42","modified_gmt":"2025-01-09T10:50:42","slug":"llegida-de-contes-a-alpicat-radio","status":"publish","type":"post","link":"https:\/\/agora.xtec.cat\/ceip-drseres-alpicat\/general\/llegida-de-contes-a-alpicat-radio\/","title":{"rendered":"Llegida de contes a Alpicat r\u00e0dio"},"content":{"rendered":"<p>Al desembre alguns nens i nenes de Cicle Mitj\u00e0 van anar a Alpicat r\u00e0dio a llegir contes i tamb\u00e9 a desitjar-nos benaurances per aquest 2025. Ho podreu escoltar aqu\u00ed: <a href=\"https:\/\/www.alpicatradio.com\/programs\/parlem-ne-alpicat\/alpicatradio_podcast_17970\">not\u00edcia Alpicat r\u00e0dio.<\/a><\/p>\n<p>Moltes gr\u00e0cies Alpicat r\u00e0dio per a convidar-nos!!<a href=\"https:\/\/agora.xtec.cat\/ceip-drseres-alpicat\/wp-content\/uploads\/usu1665\/2025\/01\/images.jpeg\"><img loading=\"lazy\" decoding=\"async\" class=\"size-full wp-image-3574 aligncenter\" src=\"https:\/\/agora.xtec.cat\/ceip-drseres-alpicat\/wp-content\/uploads\/usu1665\/2025\/01\/images.jpeg\" alt=\"\" width=\"225\" height=\"225\" srcset=\"https:\/\/agora.xtec.cat\/ceip-drseres-alpicat\/wp-content\/uploads\/usu1665\/2025\/01\/images.jpeg 225w, https:\/\/agora.xtec.cat\/ceip-drseres-alpicat\/wp-content\/uploads\/usu1665\/2025\/01\/images-150x150.jpeg 150w\" sizes=\"auto, (max-width: 225px) 100vw, 225px\" \/><\/a><\/p>\n<p>&nbsp;<\/p>\n","protected":false},"excerpt":{"rendered":"<p>Al desembre alguns nens i nenes de Cicle Mitj\u00e0 van anar a Alpicat r\u00e0dio a llegir contes i tamb\u00e9 a desitjar-nos benaurances per aquest 2025. Ho podreu escoltar aqu\u00ed: <a href=\"https:\/\/www.alpicatradio.com\/programs\/parlem-ne-alpicat\/alpicatradio_podcast_17970\">not\u00edcia Alpicat r\u00e0dio.<\/a><br \/>\nMoltes gr\u00e0cies Alpicat r\u00e0dio per a convidar-nos!!<a href=\"https:\/\/agora.xtec.cat\/ceip-drseres-alpicat\/wp-content\/uploads\/usu1665\/2025\/01\/images.jpeg\"><\/a><br \/>\n&nbsp;<\/p>\n","protected":false},"author":1,"featured_media":3574,"comment_status":"open","ping_status":"closed","sticky":false,"template":"","format":"standard","meta":{"_bbp_topic_count":0,"_bbp_reply_count":0,"_bbp_total_topic_count":0,"_bbp_total_reply_count":0,"_bbp_voice_count":0,"_bbp_anonymous_reply_count":0,"_bbp_topic_count_hidden":0,"_bbp_reply_count_hidden":0,"_bbp_forum_subforum_count":0,"footnotes":""},"categories":[1,2,4,5],"tags":[],"class_list":["post-3573","post","type-post","status-publish","format-standard","has-post-thumbnail","hentry","category-general","category-infantil","category-portada","category-primaria"],"post_mailing_queue_ids":[],"_links":{"self":[{"href":"https:\/\/agora.xtec.cat\/ceip-drseres-alpicat\/wp-json\/wp\/v2\/posts\/3573","targetHints":{"allow":["GET"]}}],"collection":[{"href":"https:\/\/agora.xtec.cat\/ceip-drseres-alpicat\/wp-json\/wp\/v2\/posts"}],"about":[{"href":"https:\/\/agora.xtec.cat\/ceip-drseres-alpicat\/wp-json\/wp\/v2\/types\/post"}],"author":[{"embeddable":true,"href":"https:\/\/agora.xtec.cat\/ceip-drseres-alpicat\/wp-json\/wp\/v2\/users\/1"}],"replies":[{"embeddable":true,"href":"https:\/\/agora.xtec.cat\/ceip-drseres-alpicat\/wp-json\/wp\/v2\/comments?post=3573"}],"version-history":[{"count":1,"href":"https:\/\/agora.xtec.cat\/ceip-drseres-alpicat\/wp-json\/wp\/v2\/posts\/3573\/revisions"}],"predecessor-version":[{"id":3575,"href":"https:\/\/agora.xtec.cat\/ceip-drseres-alpicat\/wp-json\/wp\/v2\/posts\/3573\/revisions\/3575"}],"wp:featuredmedia":[{"embeddable":true,"href":"https:\/\/agora.xtec.cat\/ceip-drseres-alpicat\/wp-json\/wp\/v2\/media\/3574"}],"wp:attachment":[{"href":"https:\/\/agora.xtec.cat\/ceip-drseres-alpicat\/wp-json\/wp\/v2\/media?parent=3573"}],"wp:term":[{"taxonomy":"category","embeddable":true,"href":"https:\/\/agora.xtec.cat\/ceip-drseres-alpicat\/wp-json\/wp\/v2\/categories?post=3573"},{"taxonomy":"post_tag","embeddable":true,"href":"https:\/\/agora.xtec.cat\/ceip-drseres-alpicat\/wp-json\/wp\/v2\/tags?post=3573"}],"curies":[{"name":"wp","href":"https:\/\/api.w.org\/{rel}","templated":true}]}}