{"id":3562,"date":"2024-12-12T09:32:17","date_gmt":"2024-12-12T08:32:17","guid":{"rendered":"https:\/\/agora.xtec.cat\/ceip-drseres-alpicat\/?p=3562"},"modified":"2024-12-12T09:34:41","modified_gmt":"2024-12-12T08:34:41","slug":"inauguaracio-del-nou-pavello-polivalent","status":"publish","type":"post","link":"https:\/\/agora.xtec.cat\/ceip-drseres-alpicat\/general\/inauguaracio-del-nou-pavello-polivalent\/","title":{"rendered":"Inauguaraci\u00f3 del nou Pavell\u00f3 Polivalent"},"content":{"rendered":"<p>El passat dissabte 7 de desembre, una representaci\u00f3 de l\u2019Escola Doctor Ser\u00e9s vam participar en la inauguraci\u00f3 del nou pavell\u00f3 polivalent del Parc del Gra\u00f3. L\u2019acte va comptar tamb\u00e9 amb la pres\u00e8ncia dels clubs esportius locals, representants de l\u2019Ajuntament i el President del Parlament de Catalunya.<\/p>\n<div><span style=\"font-size: large;\">Si voleu veure m\u00e9s informaci\u00f3, podeu accedir a la p\u00e0gina web de l&#8217;ajuntament: <a href=\"https:\/\/www.alpicat.cat\/noticies\/alpicat-inaugura-el-nou-pavello-polivalent-del-parc-del-grao-un-dels-mes-grans-de-lleida-pel-que-fa-a-superficie-de-pista\" target=\"_blank\" rel=\"noopener\" data-saferedirecturl=\"https:\/\/www.google.com\/url?q=https:\/\/www.alpicat.cat\/noticies\/alpicat-inaugura-el-nou-pavello-polivalent-del-parc-del-grao-un-dels-mes-grans-de-lleida-pel-que-fa-a-superficie-de-pista&amp;source=gmail&amp;ust=1734078017544000&amp;usg=AOvVaw3YSyTuUTbp-GQA8GlfffoY\">https:\/\/www.alpicat.cat\/<wbr \/>noticies\/alpicat-inaugura-el-<wbr \/>nou-pavello-polivalent-del-<wbr \/>parc-del-grao-un-dels-mes-<wbr \/>grans-de-lleida-pel-que-fa-a-<wbr \/>superficie-de-pista<\/a><br \/>\n<span class=\"gmail_signature_prefix\">I tamb\u00e9 al v\u00eddeo complet de TV Lleida:\u00a0<\/span><a href=\"https:\/\/player.instantvideocloud.net\/#\/embed\/4350975b02\/6b538233-a769-0c68-a1ef-8f605bae093a\" target=\"_blank\" rel=\"noopener\" data-saferedirecturl=\"https:\/\/www.google.com\/url?q=https:\/\/player.instantvideocloud.net\/%23\/embed\/4350975b02\/6b538233-a769-0c68-a1ef-8f605bae093a&amp;source=gmail&amp;ust=1734078017544000&amp;usg=AOvVaw3Zu8wuNUtEkHorp2Z_qrD-\">https:\/\/player.<wbr \/>instantvideocloud.net\/#\/embed\/<wbr \/>4350975b02\/6b538233-a769-0c68-<wbr \/>a1ef-8f605bae093a<\/a><\/span><\/div>\n<div class=\"yj6qo\"><\/div>\n<div>Donem gr\u00e0cies a l&#8217;ajuntament per comptar amb la nostra pres\u00e8ncia i a totes les fam\u00edlies que van participar!<\/div>\n<div><\/div>\n<div><a href=\"https:\/\/agora.xtec.cat\/ceip-drseres-alpicat\/wp-content\/uploads\/usu1665\/2024\/12\/IMG_0180-scaled.jpg\"><img loading=\"lazy\" decoding=\"async\" class=\"alignnone size-large wp-image-3564\" src=\"https:\/\/agora.xtec.cat\/ceip-drseres-alpicat\/wp-content\/uploads\/usu1665\/2024\/12\/IMG_0180-768x1024.jpg\" alt=\"\" width=\"768\" height=\"1024\" srcset=\"https:\/\/agora.xtec.cat\/ceip-drseres-alpicat\/wp-content\/uploads\/usu1665\/2024\/12\/IMG_0180-768x1024.jpg 768w, https:\/\/agora.xtec.cat\/ceip-drseres-alpicat\/wp-content\/uploads\/usu1665\/2024\/12\/IMG_0180-225x300.jpg 225w, https:\/\/agora.xtec.cat\/ceip-drseres-alpicat\/wp-content\/uploads\/usu1665\/2024\/12\/IMG_0180-1152x1536.jpg 1152w, https:\/\/agora.xtec.cat\/ceip-drseres-alpicat\/wp-content\/uploads\/usu1665\/2024\/12\/IMG_0180-1536x2048.jpg 1536w, https:\/\/agora.xtec.cat\/ceip-drseres-alpicat\/wp-content\/uploads\/usu1665\/2024\/12\/IMG_0180-scaled.jpg 1920w\" sizes=\"auto, (max-width: 768px) 100vw, 768px\" \/><\/a><a href=\"https:\/\/agora.xtec.cat\/ceip-drseres-alpicat\/wp-content\/uploads\/usu1665\/2024\/12\/IMG_0186-scaled.jpg\"><img loading=\"lazy\" decoding=\"async\" class=\"alignnone size-large wp-image-3566\" src=\"https:\/\/agora.xtec.cat\/ceip-drseres-alpicat\/wp-content\/uploads\/usu1665\/2024\/12\/IMG_0186-768x1024.jpg\" alt=\"\" width=\"768\" height=\"1024\" srcset=\"https:\/\/agora.xtec.cat\/ceip-drseres-alpicat\/wp-content\/uploads\/usu1665\/2024\/12\/IMG_0186-768x1024.jpg 768w, https:\/\/agora.xtec.cat\/ceip-drseres-alpicat\/wp-content\/uploads\/usu1665\/2024\/12\/IMG_0186-225x300.jpg 225w, https:\/\/agora.xtec.cat\/ceip-drseres-alpicat\/wp-content\/uploads\/usu1665\/2024\/12\/IMG_0186-1152x1536.jpg 1152w, https:\/\/agora.xtec.cat\/ceip-drseres-alpicat\/wp-content\/uploads\/usu1665\/2024\/12\/IMG_0186-1536x2048.jpg 1536w, https:\/\/agora.xtec.cat\/ceip-drseres-alpicat\/wp-content\/uploads\/usu1665\/2024\/12\/IMG_0186-scaled.jpg 1920w\" sizes=\"auto, (max-width: 768px) 100vw, 768px\" \/><\/a><\/div>\n","protected":false},"excerpt":{"rendered":"<p>El passat dissabte 7 de desembre, una representaci\u00f3 de l\u2019Escola Doctor Ser\u00e9s vam participar en la inauguraci\u00f3 del nou pavell\u00f3 polivalent del Parc del Gra\u00f3. L\u2019acte va comptar tamb\u00e9 amb la pres\u00e8ncia dels clubs esportius locals, representants de l\u2019Ajuntament i el President del Parlament de&hellip;  <a href=\"https:\/\/agora.xtec.cat\/ceip-drseres-alpicat\/general\/inauguaracio-del-nou-pavello-polivalent\/\" title=\"Read Inauguaraci\u00f3 del nou Pavell\u00f3 Polivalent\">Llegeix m\u00e9s\u00bb<\/a><\/p>\n","protected":false},"author":23,"featured_media":3564,"comment_status":"open","ping_status":"closed","sticky":false,"template":"","format":"standard","meta":{"_bbp_topic_count":0,"_bbp_reply_count":0,"_bbp_total_topic_count":0,"_bbp_total_reply_count":0,"_bbp_voice_count":0,"_bbp_anonymous_reply_count":0,"_bbp_topic_count_hidden":0,"_bbp_reply_count_hidden":0,"_bbp_forum_subforum_count":0,"footnotes":""},"categories":[1,2,4,5],"tags":[],"class_list":["post-3562","post","type-post","status-publish","format-standard","has-post-thumbnail","hentry","category-general","category-infantil","category-portada","category-primaria"],"post_mailing_queue_ids":[],"_links":{"self":[{"href":"https:\/\/agora.xtec.cat\/ceip-drseres-alpicat\/wp-json\/wp\/v2\/posts\/3562","targetHints":{"allow":["GET"]}}],"collection":[{"href":"https:\/\/agora.xtec.cat\/ceip-drseres-alpicat\/wp-json\/wp\/v2\/posts"}],"about":[{"href":"https:\/\/agora.xtec.cat\/ceip-drseres-alpicat\/wp-json\/wp\/v2\/types\/post"}],"author":[{"embeddable":true,"href":"https:\/\/agora.xtec.cat\/ceip-drseres-alpicat\/wp-json\/wp\/v2\/users\/23"}],"replies":[{"embeddable":true,"href":"https:\/\/agora.xtec.cat\/ceip-drseres-alpicat\/wp-json\/wp\/v2\/comments?post=3562"}],"version-history":[{"count":3,"href":"https:\/\/agora.xtec.cat\/ceip-drseres-alpicat\/wp-json\/wp\/v2\/posts\/3562\/revisions"}],"predecessor-version":[{"id":3567,"href":"https:\/\/agora.xtec.cat\/ceip-drseres-alpicat\/wp-json\/wp\/v2\/posts\/3562\/revisions\/3567"}],"wp:featuredmedia":[{"embeddable":true,"href":"https:\/\/agora.xtec.cat\/ceip-drseres-alpicat\/wp-json\/wp\/v2\/media\/3564"}],"wp:attachment":[{"href":"https:\/\/agora.xtec.cat\/ceip-drseres-alpicat\/wp-json\/wp\/v2\/media?parent=3562"}],"wp:term":[{"taxonomy":"category","embeddable":true,"href":"https:\/\/agora.xtec.cat\/ceip-drseres-alpicat\/wp-json\/wp\/v2\/categories?post=3562"},{"taxonomy":"post_tag","embeddable":true,"href":"https:\/\/agora.xtec.cat\/ceip-drseres-alpicat\/wp-json\/wp\/v2\/tags?post=3562"}],"curies":[{"name":"wp","href":"https:\/\/api.w.org\/{rel}","templated":true}]}}