{"id":3559,"date":"2024-12-16T15:47:02","date_gmt":"2024-12-16T14:47:02","guid":{"rendered":"https:\/\/agora.xtec.cat\/ceip-drseres-alpicat\/?p=3559"},"modified":"2024-12-16T15:47:02","modified_gmt":"2024-12-16T14:47:02","slug":"concurs-de-la-postal-de-nadal","status":"publish","type":"post","link":"https:\/\/agora.xtec.cat\/ceip-drseres-alpicat\/general\/concurs-de-la-postal-de-nadal\/","title":{"rendered":"Concurs de la postal de Nadal"},"content":{"rendered":"<p>L&#8217;alumna de sis\u00e8 de Prim\u00e0ria Abril Pedr\u00f3s ha estat la guanyadora del concurs de la postal de Nadal organitzat per l\u2019Ajuntament d\u2019Alpicat.<\/p>\n<p>El dibuix de l&#8217;Abril ser\u00e0 la imatge de la felicitaci\u00f3 nadalenca del municipi aquest any.<\/p>\n<p>L\u2019Escola Doctor Ser\u00e9s la felicitem. Enhorabona Abril i gr\u00e0cies a l&#8217;ajuntament d&#8217;Alpicat per a implicar-nos, com cada any, en la iniciativa!!<\/p>\n<p><a href=\"https:\/\/agora.xtec.cat\/ceip-drseres-alpicat\/wp-content\/uploads\/usu1665\/2024\/12\/afc21e01-c7d6-4659-a354-9fb0694b2836.jpeg\"><img loading=\"lazy\" decoding=\"async\" class=\"size-full wp-image-3568 aligncenter\" src=\"https:\/\/agora.xtec.cat\/ceip-drseres-alpicat\/wp-content\/uploads\/usu1665\/2024\/12\/afc21e01-c7d6-4659-a354-9fb0694b2836.jpeg\" alt=\"\" width=\"768\" height=\"365\" srcset=\"https:\/\/agora.xtec.cat\/ceip-drseres-alpicat\/wp-content\/uploads\/usu1665\/2024\/12\/afc21e01-c7d6-4659-a354-9fb0694b2836.jpeg 768w, https:\/\/agora.xtec.cat\/ceip-drseres-alpicat\/wp-content\/uploads\/usu1665\/2024\/12\/afc21e01-c7d6-4659-a354-9fb0694b2836-300x143.jpeg 300w\" sizes=\"auto, (max-width: 768px) 100vw, 768px\" \/><\/a><\/p>\n<p>&nbsp;<\/p>\n","protected":false},"excerpt":{"rendered":"<p>L&#8217;alumna de sis\u00e8 de Prim\u00e0ria Abril Pedr\u00f3s ha estat la guanyadora del concurs de la postal de Nadal organitzat per l\u2019Ajuntament d\u2019Alpicat.<br \/>\nEl dibuix de l&#8217;Abril ser\u00e0 la imatge de la felicitaci\u00f3 nadalenca del municipi aquest any.<br \/>\nL\u2019Escola Doctor Ser\u00e9s la felicitem. Enhorabona Abril i gr\u00e0cies a&hellip;  <a href=\"https:\/\/agora.xtec.cat\/ceip-drseres-alpicat\/general\/concurs-de-la-postal-de-nadal\/\" title=\"Read Concurs de la postal de Nadal\">Llegeix m\u00e9s\u00bb<\/a><\/p>\n","protected":false},"author":23,"featured_media":3568,"comment_status":"open","ping_status":"closed","sticky":false,"template":"","format":"standard","meta":{"_bbp_topic_count":0,"_bbp_reply_count":0,"_bbp_total_topic_count":0,"_bbp_total_reply_count":0,"_bbp_voice_count":0,"_bbp_anonymous_reply_count":0,"_bbp_topic_count_hidden":0,"_bbp_reply_count_hidden":0,"_bbp_forum_subforum_count":0,"footnotes":""},"categories":[1,2,4,5],"tags":[],"class_list":["post-3559","post","type-post","status-publish","format-standard","has-post-thumbnail","hentry","category-general","category-infantil","category-portada","category-primaria"],"post_mailing_queue_ids":[],"_links":{"self":[{"href":"https:\/\/agora.xtec.cat\/ceip-drseres-alpicat\/wp-json\/wp\/v2\/posts\/3559","targetHints":{"allow":["GET"]}}],"collection":[{"href":"https:\/\/agora.xtec.cat\/ceip-drseres-alpicat\/wp-json\/wp\/v2\/posts"}],"about":[{"href":"https:\/\/agora.xtec.cat\/ceip-drseres-alpicat\/wp-json\/wp\/v2\/types\/post"}],"author":[{"embeddable":true,"href":"https:\/\/agora.xtec.cat\/ceip-drseres-alpicat\/wp-json\/wp\/v2\/users\/23"}],"replies":[{"embeddable":true,"href":"https:\/\/agora.xtec.cat\/ceip-drseres-alpicat\/wp-json\/wp\/v2\/comments?post=3559"}],"version-history":[{"count":3,"href":"https:\/\/agora.xtec.cat\/ceip-drseres-alpicat\/wp-json\/wp\/v2\/posts\/3559\/revisions"}],"predecessor-version":[{"id":3569,"href":"https:\/\/agora.xtec.cat\/ceip-drseres-alpicat\/wp-json\/wp\/v2\/posts\/3559\/revisions\/3569"}],"wp:featuredmedia":[{"embeddable":true,"href":"https:\/\/agora.xtec.cat\/ceip-drseres-alpicat\/wp-json\/wp\/v2\/media\/3568"}],"wp:attachment":[{"href":"https:\/\/agora.xtec.cat\/ceip-drseres-alpicat\/wp-json\/wp\/v2\/media?parent=3559"}],"wp:term":[{"taxonomy":"category","embeddable":true,"href":"https:\/\/agora.xtec.cat\/ceip-drseres-alpicat\/wp-json\/wp\/v2\/categories?post=3559"},{"taxonomy":"post_tag","embeddable":true,"href":"https:\/\/agora.xtec.cat\/ceip-drseres-alpicat\/wp-json\/wp\/v2\/tags?post=3559"}],"curies":[{"name":"wp","href":"https:\/\/api.w.org\/{rel}","templated":true}]}}