{"id":3503,"date":"2024-11-20T14:03:11","date_gmt":"2024-11-20T13:03:11","guid":{"rendered":"https:\/\/agora.xtec.cat\/ceip-drseres-alpicat\/?p=3503"},"modified":"2024-11-20T15:19:16","modified_gmt":"2024-11-20T14:19:16","slug":"formacio-dels-mestres","status":"publish","type":"post","link":"https:\/\/agora.xtec.cat\/ceip-drseres-alpicat\/general\/formacio-dels-mestres\/","title":{"rendered":"Formaci\u00f3 de Mestres"},"content":{"rendered":"<p>&nbsp;<\/p>\n<p>Seguint el Pla d&#8217;Educaci\u00f3 digital de Catalunya l&#8217; equip docent de l&#8217;escola Doctor Ser\u00e9s hem realitzat una formaci\u00f3 de la dotaci\u00f3 del material audiovisual que s&#8217;ha subministrat a tots els centres p\u00fablics. Per a m\u00e9s informaci\u00f3 <a href=\"https:\/\/projectes.xtec.cat\/digital\/equipaments-i-infraestructures\/maleta-audiovisual\/\">clica aqu\u00ed\u00a0<\/a><\/p>\n<p>&nbsp;<\/p>\n<p><a href=\"https:\/\/agora.xtec.cat\/ceip-drseres-alpicat\/wp-content\/uploads\/usu1665\/2024\/11\/PHOTO-2024-11-15-13-34-19-2.jpg\"><img loading=\"lazy\" decoding=\"async\" class=\"alignnone wp-image-3505\" src=\"https:\/\/agora.xtec.cat\/ceip-drseres-alpicat\/wp-content\/uploads\/usu1665\/2024\/11\/PHOTO-2024-11-15-13-34-19-2-1024x768.jpg\" alt=\"\" width=\"231\" height=\"174\" srcset=\"https:\/\/agora.xtec.cat\/ceip-drseres-alpicat\/wp-content\/uploads\/usu1665\/2024\/11\/PHOTO-2024-11-15-13-34-19-2-1024x768.jpg 1024w, https:\/\/agora.xtec.cat\/ceip-drseres-alpicat\/wp-content\/uploads\/usu1665\/2024\/11\/PHOTO-2024-11-15-13-34-19-2-300x225.jpg 300w, https:\/\/agora.xtec.cat\/ceip-drseres-alpicat\/wp-content\/uploads\/usu1665\/2024\/11\/PHOTO-2024-11-15-13-34-19-2-768x576.jpg 768w, https:\/\/agora.xtec.cat\/ceip-drseres-alpicat\/wp-content\/uploads\/usu1665\/2024\/11\/PHOTO-2024-11-15-13-34-19-2-1536x1152.jpg 1536w, https:\/\/agora.xtec.cat\/ceip-drseres-alpicat\/wp-content\/uploads\/usu1665\/2024\/11\/PHOTO-2024-11-15-13-34-19-2-200x150.jpg 200w, https:\/\/agora.xtec.cat\/ceip-drseres-alpicat\/wp-content\/uploads\/usu1665\/2024\/11\/PHOTO-2024-11-15-13-34-19-2.jpg 1600w\" sizes=\"auto, (max-width: 231px) 100vw, 231px\" \/>\u00a0\u00a0\u00a0\u00a0\u00a0\u00a0 <\/a><a href=\"https:\/\/agora.xtec.cat\/ceip-drseres-alpicat\/wp-content\/uploads\/usu1665\/2024\/11\/PHOTO-2024-11-15-13-34-19-3.jpg\"><img loading=\"lazy\" decoding=\"async\" class=\"alignnone wp-image-3504\" src=\"https:\/\/agora.xtec.cat\/ceip-drseres-alpicat\/wp-content\/uploads\/usu1665\/2024\/11\/PHOTO-2024-11-15-13-34-19-3-1024x768.jpg\" alt=\"\" width=\"233\" height=\"175\" srcset=\"https:\/\/agora.xtec.cat\/ceip-drseres-alpicat\/wp-content\/uploads\/usu1665\/2024\/11\/PHOTO-2024-11-15-13-34-19-3-1024x768.jpg 1024w, https:\/\/agora.xtec.cat\/ceip-drseres-alpicat\/wp-content\/uploads\/usu1665\/2024\/11\/PHOTO-2024-11-15-13-34-19-3-300x225.jpg 300w, https:\/\/agora.xtec.cat\/ceip-drseres-alpicat\/wp-content\/uploads\/usu1665\/2024\/11\/PHOTO-2024-11-15-13-34-19-3-768x576.jpg 768w, https:\/\/agora.xtec.cat\/ceip-drseres-alpicat\/wp-content\/uploads\/usu1665\/2024\/11\/PHOTO-2024-11-15-13-34-19-3-1536x1152.jpg 1536w, https:\/\/agora.xtec.cat\/ceip-drseres-alpicat\/wp-content\/uploads\/usu1665\/2024\/11\/PHOTO-2024-11-15-13-34-19-3-200x150.jpg 200w, https:\/\/agora.xtec.cat\/ceip-drseres-alpicat\/wp-content\/uploads\/usu1665\/2024\/11\/PHOTO-2024-11-15-13-34-19-3.jpg 1600w\" sizes=\"auto, (max-width: 233px) 100vw, 233px\" \/><\/a><\/p>\n<p>&nbsp;<\/p>\n","protected":false},"excerpt":{"rendered":"<p>&nbsp;<br \/>\nSeguint el Pla d&#8217;Educaci\u00f3 digital de Catalunya l&#8217; equip docent de l&#8217;escola Doctor Ser\u00e9s hem realitzat una formaci\u00f3 de la dotaci\u00f3 del material audiovisual que s&#8217;ha subministrat a tots els centres p\u00fablics. Per a m\u00e9s informaci\u00f3 <a href=\"https:\/\/projectes.xtec.cat\/digital\/equipaments-i-infraestructures\/maleta-audiovisual\/\">clica aqu\u00ed\u00a0<\/a><br \/>\n&nbsp;<br \/>\n<a href=\"https:\/\/agora.xtec.cat\/ceip-drseres-alpicat\/wp-content\/uploads\/usu1665\/2024\/11\/PHOTO-2024-11-15-13-34-19-2.jpg\">\u00a0\u00a0\u00a0\u00a0\u00a0\u00a0 <\/a><a href=\"https:\/\/agora.xtec.cat\/ceip-drseres-alpicat\/wp-content\/uploads\/usu1665\/2024\/11\/PHOTO-2024-11-15-13-34-19-3.jpg\"><\/a><br \/>\n&nbsp;<\/p>\n","protected":false},"author":23,"featured_media":3504,"comment_status":"open","ping_status":"closed","sticky":false,"template":"","format":"standard","meta":{"_bbp_topic_count":0,"_bbp_reply_count":0,"_bbp_total_topic_count":0,"_bbp_total_reply_count":0,"_bbp_voice_count":0,"_bbp_anonymous_reply_count":0,"_bbp_topic_count_hidden":0,"_bbp_reply_count_hidden":0,"_bbp_forum_subforum_count":0,"footnotes":""},"categories":[1,4],"tags":[],"class_list":["post-3503","post","type-post","status-publish","format-standard","has-post-thumbnail","hentry","category-general","category-portada"],"post_mailing_queue_ids":[],"_links":{"self":[{"href":"https:\/\/agora.xtec.cat\/ceip-drseres-alpicat\/wp-json\/wp\/v2\/posts\/3503","targetHints":{"allow":["GET"]}}],"collection":[{"href":"https:\/\/agora.xtec.cat\/ceip-drseres-alpicat\/wp-json\/wp\/v2\/posts"}],"about":[{"href":"https:\/\/agora.xtec.cat\/ceip-drseres-alpicat\/wp-json\/wp\/v2\/types\/post"}],"author":[{"embeddable":true,"href":"https:\/\/agora.xtec.cat\/ceip-drseres-alpicat\/wp-json\/wp\/v2\/users\/23"}],"replies":[{"embeddable":true,"href":"https:\/\/agora.xtec.cat\/ceip-drseres-alpicat\/wp-json\/wp\/v2\/comments?post=3503"}],"version-history":[{"count":2,"href":"https:\/\/agora.xtec.cat\/ceip-drseres-alpicat\/wp-json\/wp\/v2\/posts\/3503\/revisions"}],"predecessor-version":[{"id":3509,"href":"https:\/\/agora.xtec.cat\/ceip-drseres-alpicat\/wp-json\/wp\/v2\/posts\/3503\/revisions\/3509"}],"wp:featuredmedia":[{"embeddable":true,"href":"https:\/\/agora.xtec.cat\/ceip-drseres-alpicat\/wp-json\/wp\/v2\/media\/3504"}],"wp:attachment":[{"href":"https:\/\/agora.xtec.cat\/ceip-drseres-alpicat\/wp-json\/wp\/v2\/media?parent=3503"}],"wp:term":[{"taxonomy":"category","embeddable":true,"href":"https:\/\/agora.xtec.cat\/ceip-drseres-alpicat\/wp-json\/wp\/v2\/categories?post=3503"},{"taxonomy":"post_tag","embeddable":true,"href":"https:\/\/agora.xtec.cat\/ceip-drseres-alpicat\/wp-json\/wp\/v2\/tags?post=3503"}],"curies":[{"name":"wp","href":"https:\/\/api.w.org\/{rel}","templated":true}]}}