{"id":3481,"date":"2024-11-15T08:00:05","date_gmt":"2024-11-15T07:00:05","guid":{"rendered":"https:\/\/agora.xtec.cat\/ceip-drseres-alpicat\/?p=3481"},"modified":"2024-11-14T19:35:27","modified_gmt":"2024-11-14T18:35:27","slug":"conte-collaboratiu-de-la-castanyada","status":"publish","type":"post","link":"https:\/\/agora.xtec.cat\/ceip-drseres-alpicat\/general\/conte-collaboratiu-de-la-castanyada\/","title":{"rendered":"Conte col\u00b7laboratiu de la castanyada"},"content":{"rendered":"<p>Els \u00faltims dies d&#8217;octubre \u00a0dins les activitats de la castanyada que vam fer a l&#8217;escola, els 3 centres d&#8217;Alpicat vam fer un conte col\u00b7laboratiu de castanyada. Concretament, de l&#8217;escola, el van elaborar l&#8217;alumnat de 6\u00e8 A, B i C.<\/p>\n<p>Podeu llegir el conte al seg\u00fcent document: <a href=\"https:\/\/agora.xtec.cat\/ceip-drseres-alpicat\/wp-content\/uploads\/usu1665\/2024\/11\/Conte-cast.pdf\">Conte castanyada<\/a><\/p>\n<p>Podeu escolar el podcast del conte d&#8217;Alpicat r\u00e0dio al seg\u00fcent enlla\u00e7:<a href=\"https:\/\/www.alpicatradio.com\/programs\/parlem-ne-alpicat\/alpicatradio_podcast_17601\"> podcast Alpicat r\u00e0dio<\/a><\/p>\n<p>Desitgem que us agradi!<\/p>\n<p><a href=\"https:\/\/agora.xtec.cat\/ceip-drseres-alpicat\/wp-content\/uploads\/usu1665\/2024\/11\/la-castanyada-001.jpg.webp\"><img loading=\"lazy\" decoding=\"async\" class=\"aligncenter wp-image-3483 size-thumbnail\" src=\"https:\/\/agora.xtec.cat\/ceip-drseres-alpicat\/wp-content\/uploads\/usu1665\/2024\/11\/la-castanyada-001.jpg-150x150.webp\" alt=\"\" width=\"150\" height=\"150\" \/><\/a><\/p>\n","protected":false},"excerpt":{"rendered":"<p>Els \u00faltims dies d&#8217;octubre \u00a0dins les activitats de la castanyada que vam fer a l&#8217;escola, els 3 centres d&#8217;Alpicat vam fer un conte col\u00b7laboratiu de castanyada. Concretament, de l&#8217;escola, el van elaborar l&#8217;alumnat de 6\u00e8 A, B i C.<br \/>\nPodeu llegir el conte al seg\u00fcent document:&hellip;  <a href=\"https:\/\/agora.xtec.cat\/ceip-drseres-alpicat\/general\/conte-collaboratiu-de-la-castanyada\/\" title=\"Read Conte col\u00b7laboratiu de la castanyada\">Llegeix m\u00e9s\u00bb<\/a><\/p>\n","protected":false},"author":1,"featured_media":3483,"comment_status":"open","ping_status":"closed","sticky":false,"template":"","format":"standard","meta":{"_bbp_topic_count":0,"_bbp_reply_count":0,"_bbp_total_topic_count":0,"_bbp_total_reply_count":0,"_bbp_voice_count":0,"_bbp_anonymous_reply_count":0,"_bbp_topic_count_hidden":0,"_bbp_reply_count_hidden":0,"_bbp_forum_subforum_count":0,"footnotes":""},"categories":[1,2,4,5],"tags":[],"class_list":["post-3481","post","type-post","status-publish","format-standard","has-post-thumbnail","hentry","category-general","category-infantil","category-portada","category-primaria"],"post_mailing_queue_ids":[],"_links":{"self":[{"href":"https:\/\/agora.xtec.cat\/ceip-drseres-alpicat\/wp-json\/wp\/v2\/posts\/3481","targetHints":{"allow":["GET"]}}],"collection":[{"href":"https:\/\/agora.xtec.cat\/ceip-drseres-alpicat\/wp-json\/wp\/v2\/posts"}],"about":[{"href":"https:\/\/agora.xtec.cat\/ceip-drseres-alpicat\/wp-json\/wp\/v2\/types\/post"}],"author":[{"embeddable":true,"href":"https:\/\/agora.xtec.cat\/ceip-drseres-alpicat\/wp-json\/wp\/v2\/users\/1"}],"replies":[{"embeddable":true,"href":"https:\/\/agora.xtec.cat\/ceip-drseres-alpicat\/wp-json\/wp\/v2\/comments?post=3481"}],"version-history":[{"count":1,"href":"https:\/\/agora.xtec.cat\/ceip-drseres-alpicat\/wp-json\/wp\/v2\/posts\/3481\/revisions"}],"predecessor-version":[{"id":3484,"href":"https:\/\/agora.xtec.cat\/ceip-drseres-alpicat\/wp-json\/wp\/v2\/posts\/3481\/revisions\/3484"}],"wp:featuredmedia":[{"embeddable":true,"href":"https:\/\/agora.xtec.cat\/ceip-drseres-alpicat\/wp-json\/wp\/v2\/media\/3483"}],"wp:attachment":[{"href":"https:\/\/agora.xtec.cat\/ceip-drseres-alpicat\/wp-json\/wp\/v2\/media?parent=3481"}],"wp:term":[{"taxonomy":"category","embeddable":true,"href":"https:\/\/agora.xtec.cat\/ceip-drseres-alpicat\/wp-json\/wp\/v2\/categories?post=3481"},{"taxonomy":"post_tag","embeddable":true,"href":"https:\/\/agora.xtec.cat\/ceip-drseres-alpicat\/wp-json\/wp\/v2\/tags?post=3481"}],"curies":[{"name":"wp","href":"https:\/\/api.w.org\/{rel}","templated":true}]}}